{"id":659,"date":"2024-04-15T11:58:52","date_gmt":"2024-04-15T09:58:52","guid":{"rendered":"https:\/\/www.mercatdepagesgava.cat\/?p=659"},"modified":"2024-04-15T11:58:53","modified_gmt":"2024-04-15T09:58:53","slug":"lescola-marcel%c2%b7li-moragas-visita-el-mercat","status":"publish","type":"post","link":"https:\/\/www.mercatdepagesgava.cat\/?p=659","title":{"rendered":"L&#8217;ESCOLA MARCEL\u00b7L\u00cd MORAGAS VISITA EL MERCAT\u00a0"},"content":{"rendered":"\n<p>El dimarts 9 d&#8217;abril els alumnes de 4t. de l&#8217;escola Marcel\u00b7l\u00ed Moragas van visitar el Mercat&nbsp;de Pag\u00e8s.&nbsp;<\/p>\n\n\n\n<p>Van con\u00e8ixer La Masovera, que els va acompanyar en un recorregut entre la Pla\u00e7a Major i la Torre Lluch. Van poder visitar totes les parades del mercat i parlar amb els pagesos i pageses. Van aprendre&nbsp;quins s\u00f3n els productes de temporada, la import\u00e0ncia de comprar fresc i local i com \u00e9s la vida dels paradistes.<\/p>\n\n\n\n<p>Ens ho vam passar molt b\u00e9!<\/p>\n\n\n\n<p>Gr\u00e0cies per la visita!<\/p>\n\n\n\n<figure class=\"wp-block-gallery has-nested-images columns-default is-cropped wp-block-gallery-1 is-layout-flex wp-block-gallery-is-layout-flex\">\n<figure class=\"wp-block-image size-large\"><img loading=\"lazy\" decoding=\"async\" width=\"768\" height=\"1024\" data-id=\"664\" src=\"https:\/\/www.mercatdepagesgava.cat\/wp-content\/uploads\/2024\/04\/WhatsApp-Image-2024-04-15-at-11.53.02-1-1-768x1024.jpeg\" alt=\"\" class=\"wp-image-664\"\/><\/figure>\n\n\n\n<figure class=\"wp-block-image size-large\"><img loading=\"lazy\" decoding=\"async\" width=\"768\" height=\"1024\" data-id=\"665\" src=\"https:\/\/www.mercatdepagesgava.cat\/wp-content\/uploads\/2024\/04\/WhatsApp-Image-2024-04-15-at-11.53.02-2-1-768x1024.jpeg\" alt=\"\" class=\"wp-image-665\"\/><\/figure>\n\n\n\n<figure class=\"wp-block-image size-large\"><img loading=\"lazy\" decoding=\"async\" width=\"768\" height=\"1024\" data-id=\"669\" src=\"https:\/\/www.mercatdepagesgava.cat\/wp-content\/uploads\/2024\/04\/WhatsApp-Image-2024-04-15-at-11.53.02-3-768x1024.jpeg\" alt=\"\" class=\"wp-image-669\"\/><\/figure>\n\n\n\n<figure class=\"wp-block-image size-large\"><img loading=\"lazy\" decoding=\"async\" width=\"768\" height=\"1024\" data-id=\"668\" src=\"https:\/\/www.mercatdepagesgava.cat\/wp-content\/uploads\/2024\/04\/WhatsApp-Image-2024-04-15-at-11.54.51-1-1-768x1024.jpeg\" alt=\"\" class=\"wp-image-668\"\/><\/figure>\n\n\n\n<figure class=\"wp-block-image size-large\"><img loading=\"lazy\" decoding=\"async\" width=\"768\" height=\"1024\" data-id=\"666\" src=\"https:\/\/www.mercatdepagesgava.cat\/wp-content\/uploads\/2024\/04\/WhatsApp-Image-2024-04-15-at-11.54.51-1-768x1024.jpeg\" alt=\"\" class=\"wp-image-666\"\/><\/figure>\n\n\n\n<figure class=\"wp-block-image size-large\"><img loading=\"lazy\" decoding=\"async\" width=\"768\" height=\"1024\" data-id=\"667\" src=\"https:\/\/www.mercatdepagesgava.cat\/wp-content\/uploads\/2024\/04\/WhatsApp-Image-2024-04-15-at-11.54.52-1-768x1024.jpeg\" alt=\"\" class=\"wp-image-667\"\/><\/figure>\n<\/figure>\n","protected":false},"excerpt":{"rendered":"<p>El dimarts 9 d&#8217;abril els alumnes de 4t. de l&#8217;escola Marcel\u00b7l\u00ed Moragas van visitar el Mercat&nbsp;de Pag\u00e8s.&nbsp; Van con\u00e8ixer La Masovera, que els va acompanyar en un recorregut entre la Pla\u00e7a Major i la Torre Lluch. Van poder visitar totes les parades del mercat i parlar amb els pagesos i pageses. Van aprendre&nbsp;quins s\u00f3n els [&hellip;]<\/p>\n","protected":false},"author":1,"featured_media":670,"comment_status":"closed","ping_status":"open","sticky":false,"template":"","format":"standard","meta":{"_et_pb_use_builder":"","_et_pb_old_content":"","_et_gb_content_width":"","footnotes":""},"categories":[1],"tags":[],"class_list":["post-659","post","type-post","status-publish","format-standard","has-post-thumbnail","hentry","category-sin-categoria"],"_links":{"self":[{"href":"https:\/\/www.mercatdepagesgava.cat\/index.php?rest_route=\/wp\/v2\/posts\/659","targetHints":{"allow":["GET"]}}],"collection":[{"href":"https:\/\/www.mercatdepagesgava.cat\/index.php?rest_route=\/wp\/v2\/posts"}],"about":[{"href":"https:\/\/www.mercatdepagesgava.cat\/index.php?rest_route=\/wp\/v2\/types\/post"}],"author":[{"embeddable":true,"href":"https:\/\/www.mercatdepagesgava.cat\/index.php?rest_route=\/wp\/v2\/users\/1"}],"replies":[{"embeddable":true,"href":"https:\/\/www.mercatdepagesgava.cat\/index.php?rest_route=%2Fwp%2Fv2%2Fcomments&post=659"}],"version-history":[{"count":1,"href":"https:\/\/www.mercatdepagesgava.cat\/index.php?rest_route=\/wp\/v2\/posts\/659\/revisions"}],"predecessor-version":[{"id":671,"href":"https:\/\/www.mercatdepagesgava.cat\/index.php?rest_route=\/wp\/v2\/posts\/659\/revisions\/671"}],"wp:featuredmedia":[{"embeddable":true,"href":"https:\/\/www.mercatdepagesgava.cat\/index.php?rest_route=\/wp\/v2\/media\/670"}],"wp:attachment":[{"href":"https:\/\/www.mercatdepagesgava.cat\/index.php?rest_route=%2Fwp%2Fv2%2Fmedia&parent=659"}],"wp:term":[{"taxonomy":"category","embeddable":true,"href":"https:\/\/www.mercatdepagesgava.cat\/index.php?rest_route=%2Fwp%2Fv2%2Fcategories&post=659"},{"taxonomy":"post_tag","embeddable":true,"href":"https:\/\/www.mercatdepagesgava.cat\/index.php?rest_route=%2Fwp%2Fv2%2Ftags&post=659"}],"curies":[{"name":"wp","href":"https:\/\/api.w.org\/{rel}","templated":true}]}}