{"id":655,"date":"2024-04-15T11:50:53","date_gmt":"2024-04-15T09:50:53","guid":{"rendered":"https:\/\/www.mercatdepagesgava.cat\/?p=655"},"modified":"2024-04-15T11:50:53","modified_gmt":"2024-04-15T09:50:53","slug":"showcooking-de-temporada","status":"publish","type":"post","link":"https:\/\/www.mercatdepagesgava.cat\/?p=655","title":{"rendered":"SHOWCOOKING DE TEMPORADA\u00a0"},"content":{"rendered":"\n<p>El proper dissabte 13 d&#8217;abril en Mar\u00e7al Hortig\u00fcela far\u00e0 una demostraci\u00f3 culin\u00e0ria al Mercat de Pag\u00e8s de la m\u00e0 del restaurant Tasta&#8217;mm.&nbsp;<\/p>\n\n\n\n<p>Els assistents podran degustar un men\u00fa complet amb producte de temporada:&nbsp;<\/p>\n\n\n\n<ul class=\"wp-block-list\">\n<li>T\u00e0rtar d&#8217;esp\u00e0rrecs de Gav\u00e0 i gamba vermella amb cruixent de pane carasau<\/li>\n\n\n\n<li>Arr\u00f2s mel\u00f3s, s\u00e8pia i carxofes<\/li>\n\n\n\n<li>Tiramis\u00fa<\/li>\n<\/ul>\n\n\n\n<p>L\u2019activitat comen\u00e7ar\u00e0 a les 11:30 h i es far\u00e0 a la Pla\u00e7a Major de Gav\u00e0.&nbsp;<\/p>\n\n\n\n<p>Us hi esperem!<\/p>\n\n\n\n<p><\/p>\n\n\n\n<p><\/p>\n\n\n\n<figure class=\"wp-block-image size-large\"><img loading=\"lazy\" decoding=\"async\" width=\"1024\" height=\"1024\" src=\"https:\/\/www.mercatdepagesgava.cat\/wp-content\/uploads\/2024\/04\/showcooking_1080x1080_2-1024x1024.jpg\" alt=\"\" class=\"wp-image-656\" srcset=\"https:\/\/www.mercatdepagesgava.cat\/wp-content\/uploads\/2024\/04\/showcooking_1080x1080_2-1024x1024.jpg 1024w, https:\/\/www.mercatdepagesgava.cat\/wp-content\/uploads\/2024\/04\/showcooking_1080x1080_2-980x979.jpg 980w, https:\/\/www.mercatdepagesgava.cat\/wp-content\/uploads\/2024\/04\/showcooking_1080x1080_2-480x480.jpg 480w\" sizes=\"auto, (min-width: 0px) and (max-width: 480px) 480px, (min-width: 481px) and (max-width: 980px) 980px, (min-width: 981px) 1024px, 100vw\" \/><\/figure>\n","protected":false},"excerpt":{"rendered":"<p>El proper dissabte 13 d&#8217;abril en Mar\u00e7al Hortig\u00fcela far\u00e0 una demostraci\u00f3 culin\u00e0ria al Mercat de Pag\u00e8s de la m\u00e0 del restaurant Tasta&#8217;mm.&nbsp; Els assistents podran degustar un men\u00fa complet amb producte de temporada:&nbsp; L\u2019activitat comen\u00e7ar\u00e0 a les 11:30 h i es far\u00e0 a la Pla\u00e7a Major de Gav\u00e0.&nbsp; Us hi esperem!<\/p>\n","protected":false},"author":1,"featured_media":657,"comment_status":"closed","ping_status":"open","sticky":false,"template":"","format":"standard","meta":{"_et_pb_use_builder":"","_et_pb_old_content":"","_et_gb_content_width":"","footnotes":""},"categories":[1],"tags":[],"class_list":["post-655","post","type-post","status-publish","format-standard","has-post-thumbnail","hentry","category-sin-categoria"],"_links":{"self":[{"href":"https:\/\/www.mercatdepagesgava.cat\/index.php?rest_route=\/wp\/v2\/posts\/655","targetHints":{"allow":["GET"]}}],"collection":[{"href":"https:\/\/www.mercatdepagesgava.cat\/index.php?rest_route=\/wp\/v2\/posts"}],"about":[{"href":"https:\/\/www.mercatdepagesgava.cat\/index.php?rest_route=\/wp\/v2\/types\/post"}],"author":[{"embeddable":true,"href":"https:\/\/www.mercatdepagesgava.cat\/index.php?rest_route=\/wp\/v2\/users\/1"}],"replies":[{"embeddable":true,"href":"https:\/\/www.mercatdepagesgava.cat\/index.php?rest_route=%2Fwp%2Fv2%2Fcomments&post=655"}],"version-history":[{"count":1,"href":"https:\/\/www.mercatdepagesgava.cat\/index.php?rest_route=\/wp\/v2\/posts\/655\/revisions"}],"predecessor-version":[{"id":658,"href":"https:\/\/www.mercatdepagesgava.cat\/index.php?rest_route=\/wp\/v2\/posts\/655\/revisions\/658"}],"wp:featuredmedia":[{"embeddable":true,"href":"https:\/\/www.mercatdepagesgava.cat\/index.php?rest_route=\/wp\/v2\/media\/657"}],"wp:attachment":[{"href":"https:\/\/www.mercatdepagesgava.cat\/index.php?rest_route=%2Fwp%2Fv2%2Fmedia&parent=655"}],"wp:term":[{"taxonomy":"category","embeddable":true,"href":"https:\/\/www.mercatdepagesgava.cat\/index.php?rest_route=%2Fwp%2Fv2%2Fcategories&post=655"},{"taxonomy":"post_tag","embeddable":true,"href":"https:\/\/www.mercatdepagesgava.cat\/index.php?rest_route=%2Fwp%2Fv2%2Ftags&post=655"}],"curies":[{"name":"wp","href":"https:\/\/api.w.org\/{rel}","templated":true}]}}