{"id":644,"date":"2024-03-19T14:02:00","date_gmt":"2024-03-19T13:02:00","guid":{"rendered":"https:\/\/www.mercatdepagesgava.cat\/?p=644"},"modified":"2024-03-19T14:02:01","modified_gmt":"2024-03-19T13:02:01","slug":"influencers-culinaris-visiten-el-mercat-de-pages","status":"publish","type":"post","link":"https:\/\/www.mercatdepagesgava.cat\/?p=644","title":{"rendered":"INFLUENCERS CULINARIS VISITEN EL MERCAT DE PAG\u00c8S"},"content":{"rendered":"\n<p>Dissabte 16 de mar\u00e7 el Mercat de Pag\u00e8s va rebre la visita de tres prescriptors culinaris.<\/p>\n\n\n\n<p>@cuinateca\u00a0<\/p>\n\n\n\n<p>En Jordi Pey i la seva dona, la S\u00edlvia comparteixen receptes de cuina i consells gastron\u00f2mics amb la seva comunitat.\u00a0<\/p>\n\n\n\n<p>@borjalopezz&nbsp;<\/p>\n\n\n\n<p>Chef privat i <em>foodie<\/em>. Comparteix receptes i trucs de cuina a les seves xarxes socials. A m\u00e9s, fa c\u00e0terings i participa en esdeveniments culinaris.&nbsp;<\/p>\n\n\n\n<p>@cuinetesicostes<\/p>\n\n\n\n<p>La S\u00edlvia t\u00e9 afici\u00f3 per la cuina i comparteix les seves receptes i <em>tips<\/em>. Ara, tamb\u00e9 gestiona un canal amb propostes dolces.&nbsp;<\/p>\n\n\n\n<p>Al mat\u00ed van visitar els horts de Vilaeco, on en Javier va mostrar-los els productes de temporada de l&#8217;horta gavanenca. M\u00e9s tard, van visitar el Mercat de Pag\u00e8s i van poder gaudir del showcooking de cuina japonesa.<\/p>\n\n\n\n<p><\/p>\n\n\n\n<figure class=\"wp-block-gallery has-nested-images columns-default is-cropped wp-block-gallery-1 is-layout-flex wp-block-gallery-is-layout-flex\">\n<figure class=\"wp-block-image size-large\"><img loading=\"lazy\" decoding=\"async\" width=\"768\" height=\"1024\" data-id=\"651\" src=\"https:\/\/www.mercatdepagesgava.cat\/wp-content\/uploads\/2024\/03\/image00030-768x1024.jpeg\" alt=\"\" class=\"wp-image-651\"\/><\/figure>\n\n\n\n<figure class=\"wp-block-image size-large\"><img loading=\"lazy\" decoding=\"async\" width=\"768\" height=\"1024\" data-id=\"650\" src=\"https:\/\/www.mercatdepagesgava.cat\/wp-content\/uploads\/2024\/03\/image00031-768x1024.jpeg\" alt=\"\" class=\"wp-image-650\"\/><\/figure>\n\n\n\n<figure class=\"wp-block-image size-large\"><img loading=\"lazy\" decoding=\"async\" width=\"768\" height=\"1024\" data-id=\"649\" src=\"https:\/\/www.mercatdepagesgava.cat\/wp-content\/uploads\/2024\/03\/image00035-768x1024.jpeg\" alt=\"\" class=\"wp-image-649\"\/><\/figure>\n\n\n\n<figure class=\"wp-block-image size-large\"><img loading=\"lazy\" decoding=\"async\" width=\"768\" height=\"1024\" data-id=\"646\" src=\"https:\/\/www.mercatdepagesgava.cat\/wp-content\/uploads\/2024\/03\/image00043-768x1024.jpeg\" alt=\"\" class=\"wp-image-646\"\/><\/figure>\n\n\n\n<figure class=\"wp-block-image size-large\"><img loading=\"lazy\" decoding=\"async\" width=\"768\" height=\"1024\" data-id=\"647\" src=\"https:\/\/www.mercatdepagesgava.cat\/wp-content\/uploads\/2024\/03\/image00044-2-768x1024.jpeg\" alt=\"\" class=\"wp-image-647\"\/><\/figure>\n\n\n\n<figure class=\"wp-block-image size-large\"><img loading=\"lazy\" decoding=\"async\" width=\"768\" height=\"1024\" data-id=\"648\" src=\"https:\/\/www.mercatdepagesgava.cat\/wp-content\/uploads\/2024\/03\/image00052-768x1024.jpeg\" alt=\"\" class=\"wp-image-648\"\/><\/figure>\n<\/figure>\n","protected":false},"excerpt":{"rendered":"<p>Dissabte 16 de mar\u00e7 el Mercat de Pag\u00e8s va rebre la visita de tres prescriptors culinaris. @cuinateca\u00a0 En Jordi Pey i la seva dona, la S\u00edlvia comparteixen receptes de cuina i consells gastron\u00f2mics amb la seva comunitat.\u00a0 @borjalopezz&nbsp; Chef privat i foodie. Comparteix receptes i trucs de cuina a les seves xarxes socials. A m\u00e9s, [&hellip;]<\/p>\n","protected":false},"author":1,"featured_media":645,"comment_status":"closed","ping_status":"open","sticky":false,"template":"","format":"standard","meta":{"_et_pb_use_builder":"","_et_pb_old_content":"","_et_gb_content_width":"","footnotes":""},"categories":[1],"tags":[],"class_list":["post-644","post","type-post","status-publish","format-standard","has-post-thumbnail","hentry","category-sin-categoria"],"_links":{"self":[{"href":"https:\/\/www.mercatdepagesgava.cat\/index.php?rest_route=\/wp\/v2\/posts\/644","targetHints":{"allow":["GET"]}}],"collection":[{"href":"https:\/\/www.mercatdepagesgava.cat\/index.php?rest_route=\/wp\/v2\/posts"}],"about":[{"href":"https:\/\/www.mercatdepagesgava.cat\/index.php?rest_route=\/wp\/v2\/types\/post"}],"author":[{"embeddable":true,"href":"https:\/\/www.mercatdepagesgava.cat\/index.php?rest_route=\/wp\/v2\/users\/1"}],"replies":[{"embeddable":true,"href":"https:\/\/www.mercatdepagesgava.cat\/index.php?rest_route=%2Fwp%2Fv2%2Fcomments&post=644"}],"version-history":[{"count":1,"href":"https:\/\/www.mercatdepagesgava.cat\/index.php?rest_route=\/wp\/v2\/posts\/644\/revisions"}],"predecessor-version":[{"id":653,"href":"https:\/\/www.mercatdepagesgava.cat\/index.php?rest_route=\/wp\/v2\/posts\/644\/revisions\/653"}],"wp:featuredmedia":[{"embeddable":true,"href":"https:\/\/www.mercatdepagesgava.cat\/index.php?rest_route=\/wp\/v2\/media\/645"}],"wp:attachment":[{"href":"https:\/\/www.mercatdepagesgava.cat\/index.php?rest_route=%2Fwp%2Fv2%2Fmedia&parent=644"}],"wp:term":[{"taxonomy":"category","embeddable":true,"href":"https:\/\/www.mercatdepagesgava.cat\/index.php?rest_route=%2Fwp%2Fv2%2Fcategories&post=644"},{"taxonomy":"post_tag","embeddable":true,"href":"https:\/\/www.mercatdepagesgava.cat\/index.php?rest_route=%2Fwp%2Fv2%2Ftags&post=644"}],"curies":[{"name":"wp","href":"https:\/\/api.w.org\/{rel}","templated":true}]}}