{"id":594,"date":"2024-02-19T10:23:27","date_gmt":"2024-02-19T09:23:27","guid":{"rendered":"https:\/\/www.mercatdepagesgava.cat\/?p=594"},"modified":"2024-07-04T11:19:05","modified_gmt":"2024-07-04T09:19:05","slug":"vistes-familiars-i-taller-infantil-al-mercat-de-pages","status":"publish","type":"post","link":"https:\/\/www.mercatdepagesgava.cat\/?p=594","title":{"rendered":"VISTES FAMILIARS I TALLER INFANTIL AL MERCAT DE PAG\u00c8S"},"content":{"rendered":"\n<p>El proper dissabte 24 de febrer es faran dues&nbsp; visites teatralitzades al Mercat de Pag\u00e8s de Gav\u00e0.&nbsp;<\/p>\n\n\n\n<p>Les visites les conduir\u00e0 La Masovera. Ella va a comprar al mercat cada dimarts i cada dissabte&nbsp; i coneix perfectament com funciona el mercat, els seus paradistes i quins productes s\u2019hi poden trobar.&nbsp;<\/p>\n\n\n\n<p>L\u2019activitat enlla\u00e7a amb el taller infantil: FEM UN HORT!<\/p>\n\n\n\n<p>Els participants podran decorar el seu test i plantar-hi una hortalissa de temporada.&nbsp;&nbsp;<\/p>\n\n\n\n<p>Aprendran d\u2019una manera divertida com \u00e9s la feina dels pagesos del Mercat i com han de&nbsp; cuidar el seu planter perqu\u00e8 creixi.&nbsp;<\/p>\n\n\n\n<p>El primer torn ser\u00e0 a les 11:00h i el segon a les 11:30h. <\/p>\n\n\n\n<p>Ens trobarem a la Torre Lluch amb la Masovera i anirem passejant fins la pla\u00e7a del mercat.&nbsp;<\/p>\n\n\n\n<figure class=\"wp-block-gallery has-nested-images columns-default is-cropped wp-block-gallery-1 is-layout-flex wp-block-gallery-is-layout-flex\">\n<figure class=\"wp-block-image size-large\"><img loading=\"lazy\" decoding=\"async\" width=\"1024\" height=\"1024\" data-id=\"768\" src=\"https:\/\/www.mercatdepagesgava.cat\/wp-content\/uploads\/2024\/07\/taller_infantil_AMB_1080x1080_2-1024x1024.jpg\" alt=\"\" class=\"wp-image-768\" srcset=\"https:\/\/www.mercatdepagesgava.cat\/wp-content\/uploads\/2024\/07\/taller_infantil_AMB_1080x1080_2-1024x1024.jpg 1024w, https:\/\/www.mercatdepagesgava.cat\/wp-content\/uploads\/2024\/07\/taller_infantil_AMB_1080x1080_2-980x979.jpg 980w, https:\/\/www.mercatdepagesgava.cat\/wp-content\/uploads\/2024\/07\/taller_infantil_AMB_1080x1080_2-480x480.jpg 480w\" sizes=\"auto, (min-width: 0px) and (max-width: 480px) 480px, (min-width: 481px) and (max-width: 980px) 980px, (min-width: 981px) 1024px, 100vw\" \/><\/figure>\n\n\n\n<figure class=\"wp-block-image size-large\"><img loading=\"lazy\" decoding=\"async\" width=\"1024\" height=\"1024\" data-id=\"602\" src=\"https:\/\/www.mercatdepagesgava.cat\/wp-content\/uploads\/2024\/02\/taller_infantil_2_1080x1080_2-2-1024x1024.jpg\" alt=\"\" class=\"wp-image-602\" srcset=\"https:\/\/www.mercatdepagesgava.cat\/wp-content\/uploads\/2024\/02\/taller_infantil_2_1080x1080_2-2-1024x1024.jpg 1024w, https:\/\/www.mercatdepagesgava.cat\/wp-content\/uploads\/2024\/02\/taller_infantil_2_1080x1080_2-2-980x979.jpg 980w, https:\/\/www.mercatdepagesgava.cat\/wp-content\/uploads\/2024\/02\/taller_infantil_2_1080x1080_2-2-480x480.jpg 480w\" sizes=\"auto, (min-width: 0px) and (max-width: 480px) 480px, (min-width: 481px) and (max-width: 980px) 980px, (min-width: 981px) 1024px, 100vw\" \/><\/figure>\n<\/figure>\n","protected":false},"excerpt":{"rendered":"<p>El proper dissabte 24 de febrer es faran dues&nbsp; visites teatralitzades al Mercat de Pag\u00e8s de Gav\u00e0.&nbsp; Les visites les conduir\u00e0 La Masovera. Ella va a comprar al mercat cada dimarts i cada dissabte&nbsp; i coneix perfectament com funciona el mercat, els seus paradistes i quins productes s\u2019hi poden trobar.&nbsp; L\u2019activitat enlla\u00e7a amb el taller [&hellip;]<\/p>\n","protected":false},"author":1,"featured_media":767,"comment_status":"closed","ping_status":"open","sticky":false,"template":"","format":"standard","meta":{"_et_pb_use_builder":"","_et_pb_old_content":"","_et_gb_content_width":"","footnotes":""},"categories":[1],"tags":[],"class_list":["post-594","post","type-post","status-publish","format-standard","has-post-thumbnail","hentry","category-sin-categoria"],"_links":{"self":[{"href":"https:\/\/www.mercatdepagesgava.cat\/index.php?rest_route=\/wp\/v2\/posts\/594","targetHints":{"allow":["GET"]}}],"collection":[{"href":"https:\/\/www.mercatdepagesgava.cat\/index.php?rest_route=\/wp\/v2\/posts"}],"about":[{"href":"https:\/\/www.mercatdepagesgava.cat\/index.php?rest_route=\/wp\/v2\/types\/post"}],"author":[{"embeddable":true,"href":"https:\/\/www.mercatdepagesgava.cat\/index.php?rest_route=\/wp\/v2\/users\/1"}],"replies":[{"embeddable":true,"href":"https:\/\/www.mercatdepagesgava.cat\/index.php?rest_route=%2Fwp%2Fv2%2Fcomments&post=594"}],"version-history":[{"count":4,"href":"https:\/\/www.mercatdepagesgava.cat\/index.php?rest_route=\/wp\/v2\/posts\/594\/revisions"}],"predecessor-version":[{"id":769,"href":"https:\/\/www.mercatdepagesgava.cat\/index.php?rest_route=\/wp\/v2\/posts\/594\/revisions\/769"}],"wp:featuredmedia":[{"embeddable":true,"href":"https:\/\/www.mercatdepagesgava.cat\/index.php?rest_route=\/wp\/v2\/media\/767"}],"wp:attachment":[{"href":"https:\/\/www.mercatdepagesgava.cat\/index.php?rest_route=%2Fwp%2Fv2%2Fmedia&parent=594"}],"wp:term":[{"taxonomy":"category","embeddable":true,"href":"https:\/\/www.mercatdepagesgava.cat\/index.php?rest_route=%2Fwp%2Fv2%2Fcategories&post=594"},{"taxonomy":"post_tag","embeddable":true,"href":"https:\/\/www.mercatdepagesgava.cat\/index.php?rest_route=%2Fwp%2Fv2%2Ftags&post=594"}],"curies":[{"name":"wp","href":"https:\/\/api.w.org\/{rel}","templated":true}]}}