{"id":576,"date":"2022-11-28T10:40:32","date_gmt":"2022-11-28T09:40:32","guid":{"rendered":"https:\/\/www.mercatdepagesgava.cat\/?p=576"},"modified":"2022-11-28T10:43:26","modified_gmt":"2022-11-28T09:43:26","slug":"sorteig-duna-cistella-de-fruita-i-verdura","status":"publish","type":"post","link":"https:\/\/www.mercatdepagesgava.cat\/?p=576","title":{"rendered":"Sorteig d&#8217;una cistella de fruita i verdura!"},"content":{"rendered":"<p>[et_pb_section fb_built=&#8221;1&#8243; admin_label=&#8221;Our Story&#8221; _builder_version=&#8221;3.22&#8243; background_color=&#8221;#ffffff&#8221; background_position=&#8221;top_left&#8221; custom_padding=&#8221;100px|0px|100px|0px&#8221; collapsed=&#8221;off&#8221; global_colors_info=&#8221;{}&#8221;][et_pb_row _builder_version=&#8221;4.10.5&#8243; background_size=&#8221;initial&#8221; background_position=&#8221;top_left&#8221; background_repeat=&#8221;repeat&#8221; custom_margin=&#8221;|||&#8221; custom_padding=&#8221;|||&#8221; locked=&#8221;off&#8221; global_colors_info=&#8221;{}&#8221;][et_pb_column type=&#8221;4_4&#8243; _builder_version=&#8221;3.25&#8243; background_position=&#8221;top_left&#8221; custom_padding=&#8221;|||&#8221; global_colors_info=&#8221;{}&#8221; custom_padding__hover=&#8221;|||&#8221;][et_pb_text _builder_version=&#8221;4.9.11&#8243; text_font=&#8221;Montserrat||||&#8221; text_text_color=&#8221;#939393&#8243; text_font_size=&#8221;17px&#8221; text_line_height=&#8221;1.8em&#8221; header_font=&#8221;||||&#8221; background_size=&#8221;initial&#8221; background_position=&#8221;top_left&#8221; background_repeat=&#8221;repeat&#8221; max_width=&#8221;910px&#8221; module_alignment=&#8221;center&#8221; custom_margin=&#8221;||||false|false&#8221; animation_style=&#8221;slide&#8221; animation_direction=&#8221;top&#8221; animation_intensity_slide=&#8221;4%&#8221; global_colors_info=&#8221;{}&#8221;]<\/p>\n<p class=\"p1\" style=\"text-align: left;\"><span style=\"font-size: large;\"><strong><span style=\"color: #000000;\">BASES DEL CONCURS FOTOGR\u00c0FIC A INSTAGRAM<\/span><\/strong><\/span><\/p>\n<p class=\"p1\" style=\"text-align: left;\"><span style=\"color: #000000;\">1. Per participar s\u2019haur\u00e0 de:<\/span><\/p>\n<p class=\"p1\"><span style=\"color: #000000;\">&#8211; Seguir a @mercatsdepagesgava<\/span><\/p>\n<p class=\"p1\"><span style=\"color: #000000;\">&#8211; Publicar a Instagram una fotografia realitzada en el Mercat de Pag\u00e8s de Gav\u00e0 de dimarts o del dissabte, indiferentment. Pots fotografiar pagesos, parades, productes, detalls, etc.<\/span><\/p>\n<p class=\"p1\"><span style=\"color: #000000;\">&#8211; Etiquetar o mencionar a la descripci\u00f3 de la foto a @mercatsdepagesgava.<\/span><\/p>\n<p class=\"p1\"><span style=\"color: #000000;\">&#8211; Has de tenir el teu perfil d\u2019Instagram obert.<\/span><\/p>\n<p class=\"p1\"><span style=\"color: #000000;\">2. El concurs es donar\u00e0 per finalitzat a les <b>14:00 hores del 14 de desembre de 2022.<\/b><\/span><\/p>\n<p class=\"p1\"><span style=\"color: #000000;\">3. La fotografia guanyadora es decidir\u00e0 mitjan\u00e7ant sorteig autom\u00e0tic. S\u2019escollir\u00e0 un guanyador\/a i un guanyador\/a reserva.<\/span><\/p>\n<p class=\"p1\"><span style=\"color: #000000;\">4. S&#8217;atorgar\u00e0 un <b>premi d\u2019una cistella de fruita i verdura, <\/b>valorada en 40\u20ac, que s\u2019haur\u00e0 de recollir al Mercat de Pag\u00e8s del dissabte dia 17 de desembre de 2022.<\/span><\/p>\n<p class=\"p1\"><span style=\"color: #000000;\">5. Es comunicar\u00e0 el\/la guanyador\/a mitjan\u00e7ant missatge directe a l&#8217;Instagram del guanyador\/a.<span class=\"Apple-converted-space\">&nbsp; <\/span>El\/la guanyador\/a caldr\u00e0 que respongui al missatge durant les seg\u00fcents 24 hores. Si no respon, es contactar\u00e0 amb el guanyador\/a reserva. Si aquest tampoc respon es repetir\u00e0 el sorteig un sol cop i es procedir\u00e0 de la mateixa manera.<\/span><\/p>\n<p class=\"p1\"><span style=\"color: #000000;\">6. L&#8217;usuari\/a afirma ser propietari\/a o tenir els <b>drets legals<\/b> per publicar les fotografies i cedeix tots els drets d&#8217;\u00fas, sense restriccions, a l\u2019organitzaci\u00f3.<\/span><\/p>\n<p class=\"p1\"><span style=\"color: #000000;\">7. La participaci\u00f3 implica l&#8217;<b>acceptaci\u00f3 de totes les bases del concurs<\/b>. L&#8217;organitzaci\u00f3, aix\u00ed com la xarxa social, no s\u00f3n responsables davant de qualsevol reclamaci\u00f3 legal sobre aquestes fotografies.<\/span><\/p>\n<p class=\"p1\"><span style=\"color: #000000;\">8. Qualsevol alteraci\u00f3 sobre la mec\u00e0nica del concurs comporta la <b>desqualificaci\u00f3 autom\u00e0tica.<\/b><\/span><\/p>\n<p class=\"p1\"><span style=\"color: #000000;\">9. Per a qualsevol <b>dubte o consulta<\/b> dirigir-se mitjan\u00e7ant missatge directe d\u2019Instagram a @mercatsdepagesdegava<\/span><\/p>\n<p>[\/et_pb_text][\/et_pb_column][\/et_pb_row][\/et_pb_section]<\/p>\n","protected":false},"excerpt":{"rendered":"<p>BASES DEL CONCURS FOTOGR\u00c0FIC A INSTAGRAM 1. Per participar s\u2019haur\u00e0 de: &#8211; Seguir a @mercatsdepagesgava &#8211; Publicar a Instagram una fotografia realitzada en el Mercat de Pag\u00e8s de Gav\u00e0 de dimarts o del dissabte, indiferentment. Pots fotografiar pagesos, parades, productes, detalls, etc. &#8211; Etiquetar o mencionar a la descripci\u00f3 de la foto a @mercatsdepagesgava. &#8211; [&hellip;]<\/p>\n","protected":false},"author":1,"featured_media":572,"comment_status":"closed","ping_status":"open","sticky":false,"template":"","format":"standard","meta":{"_et_pb_use_builder":"on","_et_pb_old_content":"","_et_gb_content_width":"","footnotes":""},"categories":[1],"tags":[],"class_list":["post-576","post","type-post","status-publish","format-standard","has-post-thumbnail","hentry","category-sin-categoria"],"_links":{"self":[{"href":"https:\/\/www.mercatdepagesgava.cat\/index.php?rest_route=\/wp\/v2\/posts\/576","targetHints":{"allow":["GET"]}}],"collection":[{"href":"https:\/\/www.mercatdepagesgava.cat\/index.php?rest_route=\/wp\/v2\/posts"}],"about":[{"href":"https:\/\/www.mercatdepagesgava.cat\/index.php?rest_route=\/wp\/v2\/types\/post"}],"author":[{"embeddable":true,"href":"https:\/\/www.mercatdepagesgava.cat\/index.php?rest_route=\/wp\/v2\/users\/1"}],"replies":[{"embeddable":true,"href":"https:\/\/www.mercatdepagesgava.cat\/index.php?rest_route=%2Fwp%2Fv2%2Fcomments&post=576"}],"version-history":[{"count":5,"href":"https:\/\/www.mercatdepagesgava.cat\/index.php?rest_route=\/wp\/v2\/posts\/576\/revisions"}],"predecessor-version":[{"id":582,"href":"https:\/\/www.mercatdepagesgava.cat\/index.php?rest_route=\/wp\/v2\/posts\/576\/revisions\/582"}],"wp:featuredmedia":[{"embeddable":true,"href":"https:\/\/www.mercatdepagesgava.cat\/index.php?rest_route=\/wp\/v2\/media\/572"}],"wp:attachment":[{"href":"https:\/\/www.mercatdepagesgava.cat\/index.php?rest_route=%2Fwp%2Fv2%2Fmedia&parent=576"}],"wp:term":[{"taxonomy":"category","embeddable":true,"href":"https:\/\/www.mercatdepagesgava.cat\/index.php?rest_route=%2Fwp%2Fv2%2Fcategories&post=576"},{"taxonomy":"post_tag","embeddable":true,"href":"https:\/\/www.mercatdepagesgava.cat\/index.php?rest_route=%2Fwp%2Fv2%2Ftags&post=576"}],"curies":[{"name":"wp","href":"https:\/\/api.w.org\/{rel}","templated":true}]}}