{"id":570,"date":"2022-12-11T18:19:45","date_gmt":"2022-12-11T17:19:45","guid":{"rendered":"https:\/\/www.mercatdepagesgava.cat\/?p=570"},"modified":"2022-12-11T18:21:09","modified_gmt":"2022-12-11T17:21:09","slug":"un-2022-ple-dactivitats","status":"publish","type":"post","link":"https:\/\/www.mercatdepagesgava.cat\/?p=570","title":{"rendered":"Un 2022 ple d&#8217;activitats"},"content":{"rendered":"<p>[et_pb_section fb_built=&#8221;1&#8243; admin_label=&#8221;Our Story&#8221; _builder_version=&#8221;3.22&#8243; background_color=&#8221;#ffffff&#8221; background_position=&#8221;top_left&#8221; custom_padding=&#8221;100px|0px|100px|0px&#8221; collapsed=&#8221;off&#8221; global_colors_info=&#8221;{}&#8221;][et_pb_row _builder_version=&#8221;4.10.5&#8243; background_size=&#8221;initial&#8221; background_position=&#8221;top_left&#8221; background_repeat=&#8221;repeat&#8221; custom_margin=&#8221;|||&#8221; custom_padding=&#8221;|||&#8221; locked=&#8221;off&#8221; global_colors_info=&#8221;{}&#8221;][et_pb_column type=&#8221;4_4&#8243; _builder_version=&#8221;3.25&#8243; background_position=&#8221;top_left&#8221; custom_padding=&#8221;|||&#8221; global_colors_info=&#8221;{}&#8221; custom_padding__hover=&#8221;|||&#8221;][et_pb_divider show_divider=&#8221;off&#8221; _builder_version=&#8221;3.2&#8243; max_width=&#8221;60px&#8221; module_alignment=&#8221;left&#8221; custom_margin=&#8221;||10px|&#8221; saved_tabs=&#8221;all&#8221; locked=&#8221;off&#8221; global_colors_info=&#8221;{}&#8221;][\/et_pb_divider][et_pb_text _builder_version=&#8221;4.10.5&#8243; text_font=&#8221;Montserrat||||||||&#8221; text_text_color=&#8221;#000000&#8243; text_font_size=&#8221;17px&#8221; text_line_height=&#8221;1.8em&#8221; header_font=&#8221;||||&#8221; background_size=&#8221;initial&#8221; background_position=&#8221;top_left&#8221; background_repeat=&#8221;repeat&#8221; text_orientation=&#8221;justified&#8221; max_width=&#8221;910px&#8221; module_alignment=&#8221;center&#8221; custom_margin=&#8221;-50px||||false|false&#8221; custom_padding=&#8221;0px|||||&#8221; animation_style=&#8221;slide&#8221; animation_direction=&#8221;top&#8221; animation_intensity_slide=&#8221;4%&#8221; global_colors_info=&#8221;{}&#8221;]<b>Visita als horts de Cal Delaida i els contes de la pagesa Matilda<\/b><\/p>\n<h3 style=\"text-align: justify;\"><\/h3>\n<p><span style=\"font-weight: 400;\">El dissabte 8 d\u2019octubre ens vam llevar d\u2019hora i vam desafiar l\u2019amena\u00e7a de pluja per anar a con\u00e8ixer de primera m\u00e0 els horts de Cal Delaida i on vam poder veure com creixien carxofes, esp\u00e0rrecs, carbasses i molts altres productes frescos. Tamb\u00e9 vam aprendre com les abelles de la zona feien mel en els ruscs que tenen instal\u00b7lats al terreny.<\/span><\/p>\n<p><span style=\"font-weight: 400;\">M\u00e9s tard, al Mercat de Pag\u00e8s de Gav\u00e0 grans i petits van compartir una estona divertida amb la pagesa Matilda, que va explicar contes que va deixar a tots els nens i nenes encantats. En acabar, tots van poder participar en un fant\u00e0stic taller per aprendre que menjar fruita no \u00e9s gens avorrit!<\/span><\/p>\n<h3 style=\"text-align: justify;\"><\/h3>\n<p><b>Visita als horts de Cal Ximxim i la cuina del Restaurant Mar de Pins<\/b><\/p>\n<p><span style=\"font-weight: 400;\">Els horts de Cal Ximxim van ser els protagonistes de la visita dels influencers que vam viure el dissabte 22 d\u2019octubre. Es van poder visitar els hivernacles on creixien mongeteres, cogombres i tom\u00e0quets que despr\u00e9s es podien aconseguir al mercat. Tamb\u00e9 ens van ensenyar com es plantaven les bledes <\/span><\/p>\n<h3 style=\"text-align: justify;\"><\/h3>\n<p>[\/et_pb_text][\/et_pb_column][\/et_pb_row][et_pb_row _builder_version=&#8221;4.10.5&#8243; _module_preset=&#8221;default&#8221; global_colors_info=&#8221;{}&#8221;][et_pb_column type=&#8221;4_4&#8243; _builder_version=&#8221;4.10.5&#8243; _module_preset=&#8221;default&#8221; global_colors_info=&#8221;{}&#8221;][et_pb_image src=&#8221;https:\/\/www.mercatdepagesgava.cat\/wp-content\/uploads\/2022\/12\/photo_2022-12-11-18.17.32.jpeg&#8221; title_text=&#8221;photo_2022-12-11 18.17.32&#8243; _builder_version=&#8221;4.10.6&#8243; _module_preset=&#8221;default&#8221; global_colors_info=&#8221;{}&#8221;][\/et_pb_image][\/et_pb_column][\/et_pb_row][et_pb_row _builder_version=&#8221;4.10.6&#8243; background_size=&#8221;initial&#8221; background_position=&#8221;top_left&#8221; background_repeat=&#8221;repeat&#8221; custom_margin=&#8221;|||&#8221; custom_padding=&#8221;|||&#8221; locked=&#8221;off&#8221; global_colors_info=&#8221;{}&#8221;][et_pb_column type=&#8221;4_4&#8243; _builder_version=&#8221;3.25&#8243; background_position=&#8221;top_left&#8221; custom_padding=&#8221;|||&#8221; global_colors_info=&#8221;{}&#8221; custom_padding__hover=&#8221;|||&#8221;][et_pb_divider show_divider=&#8221;off&#8221; _builder_version=&#8221;3.2&#8243; max_width=&#8221;60px&#8221; module_alignment=&#8221;left&#8221; custom_margin=&#8221;||10px|&#8221; saved_tabs=&#8221;all&#8221; locked=&#8221;off&#8221; global_colors_info=&#8221;{}&#8221;][\/et_pb_divider][et_pb_text _builder_version=&#8221;4.10.6&#8243; text_font=&#8221;Montserrat||||&#8221; text_text_color=&#8221;#939393&#8243; text_font_size=&#8221;17px&#8221; text_line_height=&#8221;1.8em&#8221; header_font=&#8221;||||&#8221; background_size=&#8221;initial&#8221; background_position=&#8221;top_left&#8221; background_repeat=&#8221;repeat&#8221; max_width=&#8221;910px&#8221; module_alignment=&#8221;center&#8221; custom_margin=&#8221;||||false|false&#8221; animation_style=&#8221;slide&#8221; animation_direction=&#8221;top&#8221; animation_intensity_slide=&#8221;4%&#8221; global_colors_info=&#8221;{}&#8221;]<\/p>\n<h3 style=\"text-align: justify;\"><span style=\"font-size: medium;\">A mig mat\u00ed ens vam dirigir al mercat per assistir a la demostraci\u00f3 del xef del restaurant de Gav\u00e0 Mar de Pins a la pla\u00e7a Major. En el showcooking vam poder aprendre a fer una deliciosa crema de carabassa amb encenalls de pernil cruixent i cibulet, despr\u00e9s una paella de verdures de temporada i per acabar un carpaccio de figues. Tot un \u00e0pat que despr\u00e9s els assistents van poder tastar!<\/span><\/h3>\n<p><span style=\"font-weight: 400; color: #000000;\"><\/span><\/p>\n<p><span style=\"color: #000000;\"><b>Visita al terreny de VilaEco i les receptes del restaurant Major 36<\/b><\/span><\/p>\n<p><span style=\"font-weight: 400; color: #000000;\">Els terrenys de Vila Eco vam ser l\u2019escenari perfecte per con\u00e8ixer com creixen la col kale vermella, les pastanagues o la remolatxa molt ben acompanyats de Merc\u00e8 Cuinetes, Viatges Gastron\u00f2mics i Cuina sense estr\u00e8s.<\/span><\/p>\n<p><span style=\"font-weight: 400; color: #000000;\">Aquell mateix dissabte 19 de novembre vam poder gaudir d&#8217;un showcooking que va fer llepar-nos els dits amb el xef del restaurant Major 36 de Gav\u00e0, on vam aprendre a cuina una mousse de carxofa amb ou poch\u00ea, seguida d\u2019un canel\u00f3 de cal\u00e7ot i, per acabar, carabassa confitada amb formatge fresc.<\/span><\/p>\n<p><span style=\"font-weight: 400; color: #000000;\">Recorda, el mercat sempre est\u00e0 viu i llest per acostar-te els productes m\u00e9s frescos. T&#8217;esperem cada dimarts i cada dissabte al Mercat de Pag\u00e8s de Gav\u00e0!<\/span><span style=\"color: #333333;\"><\/span>[\/et_pb_text][et_pb_image src=&#8221;https:\/\/www.mercatdepagesgava.cat\/wp-content\/uploads\/2022\/12\/photo_2022-12-11-18.13.15.jpeg&#8221; title_text=&#8221;photo_2022-12-11 18.13.15&#8243; _builder_version=&#8221;4.10.6&#8243; _module_preset=&#8221;default&#8221; global_colors_info=&#8221;{}&#8221;][\/et_pb_image][\/et_pb_column][\/et_pb_row][\/et_pb_section]<\/p>\n","protected":false},"excerpt":{"rendered":"<p>Visita als horts de Cal Delaida i els contes de la pagesa Matilda El dissabte 8 d\u2019octubre ens vam llevar d\u2019hora i vam desafiar l\u2019amena\u00e7a de pluja per anar a con\u00e8ixer de primera m\u00e0 els horts de Cal Delaida i on vam poder veure com creixien carxofes, esp\u00e0rrecs, carbasses i molts altres productes frescos. Tamb\u00e9 [&hellip;]<\/p>\n","protected":false},"author":1,"featured_media":589,"comment_status":"closed","ping_status":"open","sticky":false,"template":"","format":"standard","meta":{"_et_pb_use_builder":"on","_et_pb_old_content":"<!-- wp:image {\"id\":572,\"sizeSlug\":\"large\",\"linkDestination\":\"none\"} -->\n<figure class=\"wp-block-image size-large\"><img src=\"https:\/\/www.mercatdepagesgava.cat\/wp-content\/uploads\/2022\/11\/AR_2628-1024x683.jpg\" alt=\"\" class=\"wp-image-572\"\/><\/figure>\n<!-- \/wp:image -->","_et_gb_content_width":"","footnotes":""},"categories":[1],"tags":[],"class_list":["post-570","post","type-post","status-publish","format-standard","has-post-thumbnail","hentry","category-sin-categoria"],"_links":{"self":[{"href":"https:\/\/www.mercatdepagesgava.cat\/index.php?rest_route=\/wp\/v2\/posts\/570","targetHints":{"allow":["GET"]}}],"collection":[{"href":"https:\/\/www.mercatdepagesgava.cat\/index.php?rest_route=\/wp\/v2\/posts"}],"about":[{"href":"https:\/\/www.mercatdepagesgava.cat\/index.php?rest_route=\/wp\/v2\/types\/post"}],"author":[{"embeddable":true,"href":"https:\/\/www.mercatdepagesgava.cat\/index.php?rest_route=\/wp\/v2\/users\/1"}],"replies":[{"embeddable":true,"href":"https:\/\/www.mercatdepagesgava.cat\/index.php?rest_route=%2Fwp%2Fv2%2Fcomments&post=570"}],"version-history":[{"count":7,"href":"https:\/\/www.mercatdepagesgava.cat\/index.php?rest_route=\/wp\/v2\/posts\/570\/revisions"}],"predecessor-version":[{"id":591,"href":"https:\/\/www.mercatdepagesgava.cat\/index.php?rest_route=\/wp\/v2\/posts\/570\/revisions\/591"}],"wp:featuredmedia":[{"embeddable":true,"href":"https:\/\/www.mercatdepagesgava.cat\/index.php?rest_route=\/wp\/v2\/media\/589"}],"wp:attachment":[{"href":"https:\/\/www.mercatdepagesgava.cat\/index.php?rest_route=%2Fwp%2Fv2%2Fmedia&parent=570"}],"wp:term":[{"taxonomy":"category","embeddable":true,"href":"https:\/\/www.mercatdepagesgava.cat\/index.php?rest_route=%2Fwp%2Fv2%2Fcategories&post=570"},{"taxonomy":"post_tag","embeddable":true,"href":"https:\/\/www.mercatdepagesgava.cat\/index.php?rest_route=%2Fwp%2Fv2%2Ftags&post=570"}],"curies":[{"name":"wp","href":"https:\/\/api.w.org\/{rel}","templated":true}]}}