{"id":546,"date":"2021-09-16T12:13:24","date_gmt":"2021-09-16T10:13:24","guid":{"rendered":"https:\/\/www.mercatdepagesgava.cat\/?p=546"},"modified":"2021-09-16T12:16:15","modified_gmt":"2021-09-16T10:16:15","slug":"el-mercat-de-pages-de-gava-ara-tambe-el-dissabte","status":"publish","type":"post","link":"https:\/\/www.mercatdepagesgava.cat\/?p=546","title":{"rendered":"El Mercat de Pag\u00e8s de Gav\u00e0, ara tamb\u00e9 el dissabte"},"content":{"rendered":"\n[et_pb_section fb_built=&#8221;1&#8243; fullwidth=&#8221;on&#8221; disabled_on=&#8221;off|off|off&#8221; admin_label=&#8221;Hero&#8221; _builder_version=&#8221;4.10.6&#8243; background_color=&#8221;#1f1f1f&#8221; parallax=&#8221;on&#8221; custom_padding=&#8221;|||&#8221; transparent_background=&#8221;on&#8221; global_colors_info=&#8221;{}&#8221;][et_pb_fullwidth_header title=&#8221;El Mercat de Pag\u00e8s de Gav\u00e0, ara tamb\u00e9 el dissabte&#8221; text_orientation=&#8221;center&#8221; background_overlay_color=&#8221;rgba(31,31,31,0.85)&#8221; subhead_font_color=&#8221;#bebebe&#8221; _builder_version=&#8221;4.10.6&#8243; title_font=&#8221;Playfair Display||||&#8221; title_text_align=&#8221;center&#8221; title_text_color=&#8221;#ffffff&#8221; title_font_size=&#8221;54px&#8221; title_line_height=&#8221;1.3em&#8221; content_font=&#8221;Montserrat||||&#8221; content_text_color=&#8221;#bfbfbf&#8221; content_font_size=&#8221;19px&#8221; content_line_height=&#8221;1.8em&#8221; subhead_font=&#8221;Montserrat||||&#8221; subhead_text_color=&#8221;#bebebe&#8221; subhead_line_height=&#8221;1.8em&#8221; background_color=&#8221;rgba(255, 255, 255, 0)&#8221; background_image=&#8221;https:\/\/www.mercatdepagesgava.cat\/wp-content\/uploads\/2021\/08\/Foto-noticia-2-1-scaled.jpg&#8221; custom_padding=&#8221;5%||5%|&#8221; animation_style=&#8221;zoom&#8221; animation_duration=&#8221;1500ms&#8221; animation_intensity_zoom=&#8221;4%&#8221; hover_enabled=&#8221;0&#8243; title_line_height_last_edited=&#8221;off|desktop&#8221; title_text_shadow_style=&#8221;preset1&#8243; global_colors_info=&#8221;{}&#8221; button_one_text_size__hover_enabled=&#8221;off&#8221; button_two_text_size__hover_enabled=&#8221;off&#8221; button_one_text_color__hover_enabled=&#8221;off&#8221; button_two_text_color__hover_enabled=&#8221;off&#8221; button_one_border_width__hover_enabled=&#8221;off&#8221; button_two_border_width__hover_enabled=&#8221;off&#8221; button_one_border_color__hover_enabled=&#8221;off&#8221; button_two_border_color__hover_enabled=&#8221;off&#8221; button_one_border_radius__hover_enabled=&#8221;off&#8221; button_two_border_radius__hover_enabled=&#8221;off&#8221; button_one_letter_spacing__hover_enabled=&#8221;off&#8221; button_two_letter_spacing__hover_enabled=&#8221;off&#8221; button_one_bg_color__hover_enabled=&#8221;off&#8221; button_two_bg_color__hover_enabled=&#8221;off&#8221; sticky_enabled=&#8221;0&#8243; alt=&#8221;FotoProvaPilot&#8221; title_text=&#8221;FotoProvaPilot&#8221;][\/et_pb_fullwidth_header][\/et_pb_section][et_pb_section fb_built=&#8221;1&#8243; admin_label=&#8221;Our Story&#8221; _builder_version=&#8221;3.22&#8243; background_color=&#8221;#ffffff&#8221; background_position=&#8221;top_left&#8221; custom_padding=&#8221;100px|0px|100px|0px&#8221; collapsed=&#8221;off&#8221; global_colors_info=&#8221;{}&#8221;][et_pb_row _builder_version=&#8221;4.10.5&#8243; background_size=&#8221;initial&#8221; background_position=&#8221;top_left&#8221; background_repeat=&#8221;repeat&#8221; custom_margin=&#8221;|||&#8221; custom_padding=&#8221;|||&#8221; locked=&#8221;off&#8221; global_colors_info=&#8221;{}&#8221;][et_pb_column type=&#8221;4_4&#8243; _builder_version=&#8221;3.25&#8243; background_position=&#8221;top_left&#8221; custom_padding=&#8221;|||&#8221; global_colors_info=&#8221;{}&#8221; custom_padding__hover=&#8221;|||&#8221;][et_pb_divider show_divider=&#8221;off&#8221; _builder_version=&#8221;4.10.6&#8243; max_width=&#8221;60px&#8221; module_alignment=&#8221;left&#8221; custom_margin=&#8221;||10px|&#8221; hover_enabled=&#8221;0&#8243; saved_tabs=&#8221;all&#8221; locked=&#8221;off&#8221; global_colors_info=&#8221;{}&#8221; sticky_enabled=&#8221;0&#8243;][\/et_pb_divider][et_pb_text _builder_version=&#8221;4.10.6&#8243; text_font=&#8221;Montserrat||||||||&#8221; text_text_color=&#8221;#000000&#8243; text_font_size=&#8221;17px&#8221; text_line_height=&#8221;1.8em&#8221; header_font=&#8221;||||&#8221; background_size=&#8221;initial&#8221; background_position=&#8221;top_left&#8221; background_repeat=&#8221;repeat&#8221; text_orientation=&#8221;justified&#8221; max_width=&#8221;910px&#8221; module_alignment=&#8221;center&#8221; custom_margin=&#8221;-50px||||false|false&#8221; custom_padding=&#8221;0px|||||&#8221; animation_style=&#8221;slide&#8221; animation_direction=&#8221;top&#8221; animation_intensity_slide=&#8221;4%&#8221; hover_enabled=&#8221;0&#8243; global_colors_info=&#8221;{}&#8221; sticky_enabled=&#8221;0&#8243;]<p>\u2022<em><strong> El dissabte 18 de setembre arrenca la nova proposta, que complementa al Mercat de dimarts a Torre Lluch.<\/strong><\/em><br \/><em><strong>\u2022 Vol ser un espai viu amb activitats que s\u2019inicien amb un ShowCooking del xef local Rafa Fern\u00e1ndez, del restaurant Mise en Place.<\/strong><\/em><br \/><em><strong>\u2022 Amb la implantaci\u00f3 del Mercat, l\u2019Ajuntament continua refor\u00e7ant la reactivaci\u00f3 econ\u00f2mica de Gav\u00e0 i promovent el valor el consum de proximitat i de temporada<\/strong><\/em><\/p>\n<p>Despr\u00e9s de la prova pilot organitzada durant tres dissabtes del passat juliol, el Mercat de Pag\u00e8s inicia una nova etapa a la Pla\u00e7a Major, amb l\u2019organitzaci\u00f3 els dissabtes de l\u2019espai de venda directa de producte de proximitat de 9 a 14\u202fh, mantenint el Mercat de dimarts a Torre Lluch, que ja \u00e9s una activitat arrelada a la ciutat.<br \/>D\u2019aquesta manera, es dona resposta a una hist\u00f2rica reivindicaci\u00f3 del Mercat del Centre i del mateix sector agrari, que veuen en l\u2019activitat una acci\u00f3 que refor\u00e7a la centralitat de l\u2019Illa de vianants de Gav\u00e0, i impulsa l\u2019activitat agr\u00e0ria local, afavorint el contacte directe entre productors i consumidors, a m\u00e9s d\u2019incentivar i garantir l\u2019oferta de productes agr\u00edcoles.<\/p>[\/et_pb_text][\/et_pb_column][\/et_pb_row][et_pb_row _builder_version=&#8221;4.10.5&#8243; _module_preset=&#8221;default&#8221; global_colors_info=&#8221;{}&#8221;][et_pb_column type=&#8221;4_4&#8243; _builder_version=&#8221;4.10.5&#8243; _module_preset=&#8221;default&#8221; global_colors_info=&#8221;{}&#8221;][et_pb_image src=&#8221;https:\/\/www.mercatdepagesgava.cat\/wp-content\/uploads\/2021\/08\/Que-es-Mercat-de-Pages-4-min.jpg&#8221; title_text=&#8221;Foto not\u00edcia 1 _ 2&#8243; _builder_version=&#8221;4.10.6&#8243; _module_preset=&#8221;default&#8221; hover_enabled=&#8221;0&#8243; global_colors_info=&#8221;{}&#8221; sticky_enabled=&#8221;0&#8243;][\/et_pb_image][\/et_pb_column][\/et_pb_row][et_pb_row _builder_version=&#8221;4.10.5&#8243; background_size=&#8221;initial&#8221; background_position=&#8221;top_left&#8221; background_repeat=&#8221;repeat&#8221; custom_margin=&#8221;|||&#8221; custom_padding=&#8221;|||&#8221; locked=&#8221;off&#8221; global_colors_info=&#8221;{}&#8221;][et_pb_column type=&#8221;4_4&#8243; _builder_version=&#8221;3.25&#8243; background_position=&#8221;top_left&#8221; custom_padding=&#8221;|||&#8221; global_colors_info=&#8221;{}&#8221; custom_padding__hover=&#8221;|||&#8221;][et_pb_text _builder_version=&#8221;4.9.11&#8243; text_font=&#8221;Montserrat||||&#8221; text_text_color=&#8221;#939393&#8243; text_font_size=&#8221;17px&#8221; text_line_height=&#8221;1.8em&#8221; header_font=&#8221;||||&#8221; background_size=&#8221;initial&#8221; background_position=&#8221;top_left&#8221; background_repeat=&#8221;repeat&#8221; max_width=&#8221;910px&#8221; module_alignment=&#8221;center&#8221; custom_margin=&#8221;||||false|false&#8221; animation_style=&#8221;slide&#8221; animation_direction=&#8221;top&#8221; animation_intensity_slide=&#8221;4%&#8221; global_colors_info=&#8221;{}&#8221;]<h3 style=\"text-align: justify;\"><span style=\"font-size: 17px; text-align: left;\"><\/span><\/h3>\n<h3 style=\"text-align: justify;\"><span style=\"font-size: 17px; text-align: left;\">\u00a0<\/span><\/h3>\n<p style=\"text-align: justify;\"><span style=\"color: rgba(2, 2, 2, 0.95);\">El Mercat de Pag\u00e8s, que fou promogut l\u2019any 2015 conjuntament per l\u2019Agropecu\u00e0ria de Gav\u00e0, Parc Agrari del Baix Llobregat i l\u2019Ajuntament de Gav\u00e0, agafa un nou impuls, <strong>incidint en la necessitat de mostrar la cadena de valor del producte local, ressaltar la import\u00e0ncia del petit productor artesanal, del manteniment de la tradici\u00f3 i de les t\u00e8cniques respectuoses amb el medi ambient<\/strong>.<\/span><\/p>\n<p style=\"text-align: justify;\"><span style=\"color: rgba(2, 2, 2, 0.95);\"><\/span><\/p>\n<p style=\"text-align: justify;\"><span style=\"color: rgba(2, 2, 2, 0.95);\"><strong>Activitats paral\u00b7<\/strong><\/span><span style=\"color: rgba(2, 2, 2, 0.95);\"><strong>leles<\/strong><\/span><\/p>\n<p style=\"text-align: justify;\"><span style=\"color: rgba(2, 2, 2, 0.95);\">La gastronomia tindr\u00e0 moltes coses a dir al nou espai, a trav\u00e9s de diferents ShowCookings o activitats: la restauraci\u00f3 \u00e9s el millor altaveu per implicar al tercer agent del cercle virtu\u00f3s del consum responsable i sostenible, el consumidor.<\/span><\/p>\n<p style=\"text-align: justify;\"><span style=\"color: rgba(2, 2, 2, 0.95);\">Aquest dissabte s\u2019inicien les activitats amb una mostra de cuina en directe, a partir de les 11.30 h, <strong>del xef Rafael Fern\u00e1ndez, del restaurant gavanenc Mise en Place,<\/strong> que preparar\u00e0 tres propostes gastron\u00f2miques amb el producte del mateix Mercat.<\/span><\/p>[\/et_pb_text][\/et_pb_column][\/et_pb_row][\/et_pb_section]\n","protected":false},"excerpt":{"rendered":"<p>\u2022 El dissabte 18 de setembre arrenca la nova proposta, que complementa al Mercat de dimarts a Torre Lluch.\u2022 Vol ser un espai viu amb activitats que s\u2019inicien amb un ShowCooking del xef local Rafa Fern\u00e1ndez, del restaurant Mise en Place.\u2022 Amb la implantaci\u00f3 del Mercat, l\u2019Ajuntament continua refor\u00e7ant la reactivaci\u00f3 econ\u00f2mica de Gav\u00e0 i [&hellip;]<\/p>\n","protected":false},"author":1,"featured_media":54,"comment_status":"closed","ping_status":"open","sticky":false,"template":"","format":"standard","meta":{"_et_pb_use_builder":"on","_et_pb_old_content":"","_et_gb_content_width":"","footnotes":""},"categories":[1],"tags":[],"class_list":["post-546","post","type-post","status-publish","format-standard","has-post-thumbnail","hentry","category-sin-categoria"],"_links":{"self":[{"href":"https:\/\/www.mercatdepagesgava.cat\/index.php?rest_route=\/wp\/v2\/posts\/546","targetHints":{"allow":["GET"]}}],"collection":[{"href":"https:\/\/www.mercatdepagesgava.cat\/index.php?rest_route=\/wp\/v2\/posts"}],"about":[{"href":"https:\/\/www.mercatdepagesgava.cat\/index.php?rest_route=\/wp\/v2\/types\/post"}],"author":[{"embeddable":true,"href":"https:\/\/www.mercatdepagesgava.cat\/index.php?rest_route=\/wp\/v2\/users\/1"}],"replies":[{"embeddable":true,"href":"https:\/\/www.mercatdepagesgava.cat\/index.php?rest_route=%2Fwp%2Fv2%2Fcomments&post=546"}],"version-history":[{"count":4,"href":"https:\/\/www.mercatdepagesgava.cat\/index.php?rest_route=\/wp\/v2\/posts\/546\/revisions"}],"predecessor-version":[{"id":551,"href":"https:\/\/www.mercatdepagesgava.cat\/index.php?rest_route=\/wp\/v2\/posts\/546\/revisions\/551"}],"wp:featuredmedia":[{"embeddable":true,"href":"https:\/\/www.mercatdepagesgava.cat\/index.php?rest_route=\/wp\/v2\/media\/54"}],"wp:attachment":[{"href":"https:\/\/www.mercatdepagesgava.cat\/index.php?rest_route=%2Fwp%2Fv2%2Fmedia&parent=546"}],"wp:term":[{"taxonomy":"category","embeddable":true,"href":"https:\/\/www.mercatdepagesgava.cat\/index.php?rest_route=%2Fwp%2Fv2%2Fcategories&post=546"},{"taxonomy":"post_tag","embeddable":true,"href":"https:\/\/www.mercatdepagesgava.cat\/index.php?rest_route=%2Fwp%2Fv2%2Ftags&post=546"}],"curies":[{"name":"wp","href":"https:\/\/api.w.org\/{rel}","templated":true}]}}