{"id":232,"date":"2021-09-03T13:24:23","date_gmt":"2021-09-03T11:24:23","guid":{"rendered":"https:\/\/www.mercatdepagesgava.cat\/?p=232"},"modified":"2021-09-15T12:27:33","modified_gmt":"2021-09-15T10:27:33","slug":"prova-pilot","status":"publish","type":"post","link":"https:\/\/www.mercatdepagesgava.cat\/?p=232","title":{"rendered":"Prova pilot del Mercat de pag\u00e8s els dissabtes"},"content":{"rendered":"<p>[et_pb_section fb_built=&#8221;1&#8243; fullwidth=&#8221;on&#8221; disabled_on=&#8221;off|off|off&#8221; admin_label=&#8221;Hero&#8221; _builder_version=&#8221;3.22&#8243; background_color=&#8221;#1f1f1f&#8221; parallax=&#8221;on&#8221; custom_padding=&#8221;|||&#8221; transparent_background=&#8221;on&#8221; global_colors_info=&#8221;{}&#8221;][et_pb_fullwidth_header title=&#8221;Prova pilot del Mercat de pag\u00e8s els dissabtes&#8221; text_orientation=&#8221;center&#8221; background_overlay_color=&#8221;rgba(31,31,31,0.85)&#8221; subhead_font_color=&#8221;#bebebe&#8221; _builder_version=&#8221;4.10.6&#8243; title_font=&#8221;Playfair Display||||&#8221; title_text_align=&#8221;center&#8221; title_text_color=&#8221;#ffffff&#8221; title_font_size=&#8221;54px&#8221; title_line_height=&#8221;1.3em&#8221; content_font=&#8221;Montserrat||||&#8221; content_text_color=&#8221;#bfbfbf&#8221; content_font_size=&#8221;19px&#8221; content_line_height=&#8221;1.8em&#8221; subhead_font=&#8221;Montserrat||||&#8221; subhead_text_color=&#8221;#bebebe&#8221; subhead_line_height=&#8221;1.8em&#8221; background_color=&#8221;rgba(255, 255, 255, 0)&#8221; background_image=&#8221;https:\/\/www.mercatdepagesgava.cat\/wp-content\/uploads\/2021\/08\/Foto-noticia-1-_-1-1.jpeg&#8221; custom_padding=&#8221;5%||5%|&#8221; animation_style=&#8221;zoom&#8221; animation_duration=&#8221;1500ms&#8221; animation_intensity_zoom=&#8221;4%&#8221; title_line_height_last_edited=&#8221;off|desktop&#8221; title_text_shadow_style=&#8221;preset1&#8243; global_colors_info=&#8221;{}&#8221; button_one_text_size__hover_enabled=&#8221;off&#8221; button_two_text_size__hover_enabled=&#8221;off&#8221; button_one_text_color__hover_enabled=&#8221;off&#8221; button_two_text_color__hover_enabled=&#8221;off&#8221; button_one_border_width__hover_enabled=&#8221;off&#8221; button_two_border_width__hover_enabled=&#8221;off&#8221; button_one_border_color__hover_enabled=&#8221;off&#8221; button_two_border_color__hover_enabled=&#8221;off&#8221; button_one_border_radius__hover_enabled=&#8221;off&#8221; button_two_border_radius__hover_enabled=&#8221;off&#8221; button_one_letter_spacing__hover_enabled=&#8221;off&#8221; button_two_letter_spacing__hover_enabled=&#8221;off&#8221; button_one_bg_color__hover_enabled=&#8221;off&#8221; button_two_bg_color__hover_enabled=&#8221;off&#8221;][\/et_pb_fullwidth_header][\/et_pb_section][et_pb_section fb_built=&#8221;1&#8243; admin_label=&#8221;Our Story&#8221; _builder_version=&#8221;3.22&#8243; background_color=&#8221;#ffffff&#8221; background_position=&#8221;top_left&#8221; custom_padding=&#8221;100px|0px|100px|0px&#8221; collapsed=&#8221;off&#8221; global_colors_info=&#8221;{}&#8221;][et_pb_row _builder_version=&#8221;4.10.6&#8243; background_size=&#8221;initial&#8221; background_position=&#8221;top_left&#8221; background_repeat=&#8221;repeat&#8221; custom_margin=&#8221;|||&#8221; custom_padding=&#8221;|||&#8221; locked=&#8221;off&#8221; global_colors_info=&#8221;{}&#8221;][et_pb_column type=&#8221;4_4&#8243; _builder_version=&#8221;4.10.6&#8243; background_position=&#8221;top_left&#8221; custom_padding=&#8221;|||&#8221; global_colors_info=&#8221;{}&#8221; custom_padding__hover=&#8221;|||&#8221;][et_pb_divider show_divider=&#8221;off&#8221; _builder_version=&#8221;3.2&#8243; max_width=&#8221;60px&#8221; module_alignment=&#8221;left&#8221; custom_margin=&#8221;||10px|&#8221; saved_tabs=&#8221;all&#8221; locked=&#8221;off&#8221; global_colors_info=&#8221;{}&#8221;][\/et_pb_divider][et_pb_text _builder_version=&#8221;4.10.6&#8243; text_font=&#8221;Montserrat||||||||&#8221; text_text_color=&#8221;#000000&#8243; text_font_size=&#8221;17px&#8221; text_line_height=&#8221;1.8em&#8221; header_font=&#8221;||||&#8221; background_size=&#8221;initial&#8221; background_position=&#8221;top_left&#8221; background_repeat=&#8221;repeat&#8221; text_orientation=&#8221;justified&#8221; max_width=&#8221;910px&#8221; module_alignment=&#8221;center&#8221; custom_margin=&#8221;-50px||||false|false&#8221; animation_style=&#8221;slide&#8221; animation_direction=&#8221;top&#8221; animation_intensity_slide=&#8221;4%&#8221; global_colors_info=&#8221;{}&#8221;]<\/p>\n<h3 style=\"text-align: justify;\"><\/h3>\n<p><text class=\"_3ziulaHePS\" direction=\"ltr\" height=\"11.1360473632812\" lengthadjust=\"spacingAndGlyphs\" textlength=\"426.731986999512\" x=\"86.1359939575195\" y=\"-674.739990234375\" data-test=\"textbox\">Els dissabtes 3, 10 i 17 de juliol es va posar en marxa la prova pilot del Mercat <\/text><text class=\"_3ziulaHePS\" direction=\"ltr\" height=\"11.3639526367188\" lengthadjust=\"spacingAndGlyphs\" textlength=\"268.475914001465\" x=\"85.5239944458008\" y=\"-660.940063476562\" data-test=\"textbox\">de Pag\u00e8s de dissabte a la pla\u00e7a Major de Gav<\/text><text class=\"_3ziulaHePS\" direction=\"ltr\" height=\"11.3280029296875\" lengthadjust=\"spacingAndGlyphs\" textlength=\"59.2799987792969\" x=\"354.861999511719\" y=\"-660.940002441406\" data-test=\"textbox\">\u00e0, on es v<\/text><text class=\"_3ziulaHePS\" direction=\"ltr\" height=\"11.135986328125\" lengthadjust=\"spacingAndGlyphs\" textlength=\"98.6639709472656\" x=\"414.652008056641\" y=\"-660.940063476562\" data-test=\"textbox\">an poder adquirir <\/text><text class=\"_3ziulaHePS\" direction=\"ltr\" height=\"11.1360473632812\" lengthadjust=\"spacingAndGlyphs\" textlength=\"76.6439895629883\" x=\"85.8839950561523\" y=\"-647.139953613281\" data-test=\"textbox\">hortalisses de <\/text><text class=\"_3ziulaHePS\" direction=\"ltr\" height=\"11.1360473632812\" lengthadjust=\"spacingAndGlyphs\" textlength=\"233.099960327148\" x=\"163.195999145508\" y=\"-647.139953613281\" data-test=\"textbox\">proximitat del Parc Agrari del Baix Llobregat<\/text><text class=\"_3ziulaHePS\" direction=\"ltr\" height=\"3.7919921875\" lengthadjust=\"spacingAndGlyphs\" textlength=\"1.24798583984375\" x=\"397.834014892578\" y=\"-647.139953613281\" data-test=\"textbox\">.<\/text><\/p>\n<p><text class=\"_3ziulaHePS\" direction=\"ltr\" height=\"11.3280029296875\" lengthadjust=\"spacingAndGlyphs\" textlength=\"427.595985412598\" x=\"85.2719955444336\" y=\"-619.539978027344\" data-test=\"textbox\">Aix\u00ed, a m\u00e9s del ja consolidat Mercat de Pag\u00e8s dels dimarts al mat\u00ed a la Torre <\/text><text class=\"_3ziulaHePS\" direction=\"ltr\" height=\"11.1360473632812\" lengthadjust=\"spacingAndGlyphs\" textlength=\"34.5359954833984\" x=\"86.015998840332\" y=\"-605.739990234375\" data-test=\"textbox\">Lluch, <\/text><text class=\"_3ziulaHePS\" direction=\"ltr\" height=\"11.387939453125\" lengthadjust=\"spacingAndGlyphs\" textlength=\"300.551963806152\" x=\"120.907997131348\" y=\"-605.740051269531\" data-test=\"textbox\">la prova pilot \u00e9s una manera tamb\u00e9 de visualitzar l\u2019oferta l<\/text><text class=\"_3ziulaHePS\" direction=\"ltr\" height=\"11.3880004882812\" lengthadjust=\"spacingAndGlyphs\" textlength=\"90.1199951171875\" x=\"423.255981445312\" y=\"-605.739990234375\" data-test=\"textbox\">\u2019oferta comercial <\/text><text class=\"_3ziulaHePS\" direction=\"ltr\" height=\"11.364013671875\" lengthadjust=\"spacingAndGlyphs\" textlength=\"236.171989440918\" x=\"85.5239944458008\" y=\"-591.910034179688\" data-test=\"textbox\">del Mercat de Pag\u00e8s, del Mercat del Centre i <\/text><text class=\"_3ziulaHePS\" direction=\"ltr\" height=\"11.3880004882812\" lengthadjust=\"spacingAndGlyphs\" textlength=\"157.272003173828\" x=\"326.397979736328\" y=\"-591.910034179688\" data-test=\"textbox\">de l\u2019entorn de l\u2019Illa del Centre.<\/text><text class=\"_3ziulaHePS\" direction=\"ltr\" height=\"11.3280029296875\" lengthadjust=\"spacingAndGlyphs\" textlength=\"426.971969604492\" x=\"85.9799957275391\" y=\"-564.309997558594\" data-test=\"textbox\">L\u2019objectiu d\u2019aquesta acci\u00f3 \u00e9s donar resposta a una hist\u00f2rica reivindicaci\u00f3 del <\/text><text class=\"_3ziulaHePS\" direction=\"ltr\" height=\"11.3880004882812\" lengthadjust=\"spacingAndGlyphs\" textlength=\"426.97193145752\" x=\"85.9919967651367\" y=\"-550.510009765625\" data-test=\"textbox\">Mercat del Centre i del mateix sector agrari, i valorar t\u00e8cnicament l\u2019encaix en <\/text><text class=\"_3ziulaHePS\" direction=\"ltr\" height=\"11.3279418945312\" lengthadjust=\"spacingAndGlyphs\" textlength=\"87.1920013427734\" x=\"85.8719940185547\" y=\"-536.710083007812\" data-test=\"textbox\">l\u2019entorn i provar<\/text><text class=\"_3ziulaHePS\" direction=\"ltr\" height=\"6.384033203125\" lengthadjust=\"spacingAndGlyphs\" textlength=\"2.94000244140625\" x=\"173.498001098633\" y=\"-536.710021972656\" data-test=\"textbox\">&#8211;<\/text><text class=\"_3ziulaHePS\" direction=\"ltr\" height=\"11.135986328125\" lengthadjust=\"spacingAndGlyphs\" textlength=\"250.127960205078\" x=\"177.709991455078\" y=\"-536.710083007812\" data-test=\"textbox\">ne la complementarietat comercial de cara a<\/text><text class=\"_3ziulaHePS\" direction=\"ltr\" height=\"11.3279418945312\" lengthadjust=\"spacingAndGlyphs\" textlength=\"78.2040405273438\" x=\"435.183959960938\" y=\"-536.710083007812\" data-test=\"textbox\">la implantaci\u00f3 <\/text><text class=\"_3ziulaHePS\" direction=\"ltr\" height=\"11.3280029296875\" lengthadjust=\"spacingAndGlyphs\" textlength=\"427.379997253418\" x=\"85.5239944458008\" y=\"-522.910034179688\" data-test=\"textbox\">definitiva del nou Mercat de Pag\u00e8s dels dissabtes que tindr\u00e0 lloc la segona <\/text><text class=\"_3ziulaHePS\" direction=\"ltr\" height=\"11.1360168457031\" lengthadjust=\"spacingAndGlyphs\" textlength=\"120.564002990723\" x=\"85.5239944458008\" y=\"-509.110015869141\" data-test=\"textbox\">quinzena de setembre.<\/text><\/p>\n<p><text class=\"_3ziulaHePS\" direction=\"ltr\" height=\"11.3280029296875\" lengthadjust=\"spacingAndGlyphs\" textlength=\"426.80394744873\" x=\"86.1359939575195\" y=\"-481.510009765625\" data-test=\"textbox\">El Mercat de Pag\u00e8s promou el consum de proximitat i de temporada, que t\u00e9 un <\/text><text class=\"_3ziulaHePS\" direction=\"ltr\" height=\"11.3280029296875\" lengthadjust=\"spacingAndGlyphs\" textlength=\"347.615997314453\" x=\"85.89599609375\" y=\"-467.710021972656\" data-test=\"textbox\">impacte positiu en el medi ambient: garanteix la perviv\u00e8ncia d\u2019un<\/text><text class=\"_3ziulaHePS\" direction=\"ltr\" height=\"11.1360168457031\" lengthadjust=\"spacingAndGlyphs\" textlength=\"78.083984375\" x=\"435.2919921875\" y=\"-467.709991455078\" data-test=\"textbox\">a activitat que <\/text><text class=\"_3ziulaHePS\" direction=\"ltr\" height=\"11.3280029296875\" lengthadjust=\"spacingAndGlyphs\" textlength=\"427.367942810059\" x=\"85.5719985961914\" y=\"-453.910003662109\" data-test=\"textbox\">contribueix a la protecci\u00f3 d\u2019un espai d\u2019alt valor ecol\u00f2gic i ambiental, redueix les <\/text><text class=\"_3ziulaHePS\" direction=\"ltr\" height=\"11.3280029296875\" lengthadjust=\"spacingAndGlyphs\" textlength=\"427.523979187012\" x=\"85.5239944458008\" y=\"-440.110015869141\" data-test=\"textbox\">dist\u00e0ncies entre el punt de producci\u00f3 i el punt de consum, i disminueix la despesa <\/text><text class=\"_3ziulaHePS\" direction=\"ltr\" height=\"11.3280334472656\" lengthadjust=\"spacingAndGlyphs\" textlength=\"362.399971008301\" x=\"85.5479965209961\" y=\"-426.309967041016\" data-test=\"textbox\">en envasos i combustible que comporten els productes d\u2019importaci\u00f3.<\/text><\/p>\n<p><text class=\"_3ziulaHePS\" direction=\"ltr\" height=\"11.135986328125\" lengthadjust=\"spacingAndGlyphs\" textlength=\"28.7760009765625\" x=\"86.015998840332\" y=\"-398.690032958984\" data-test=\"textbox\">Les p<\/text><text class=\"_3ziulaHePS\" direction=\"ltr\" height=\"11.3280029296875\" lengthadjust=\"spacingAndGlyphs\" textlength=\"397.163970947266\" x=\"115.772003173828\" y=\"-398.690032958984\" data-test=\"textbox\">arades no poden lliurar bosses de pl\u00e0stic a la clientela, amb l\u2019objectiu de<\/text><text class=\"_3ziulaHePS\" direction=\"ltr\" height=\"11.3880310058594\" lengthadjust=\"spacingAndGlyphs\" textlength=\"280.223999023438\" x=\"85.89599609375\" y=\"-384.889984130859\" data-test=\"textbox\">promoure un canvi d\u2019h\u00e0bits a favor del medi ambient.<\/text><\/p>\n<p>[\/et_pb_text][\/et_pb_column][\/et_pb_row][\/et_pb_section]<\/p>\n","protected":false},"excerpt":{"rendered":"<p>Els dissabtes 3, 10 i 17 de juliol es va posar en marxa la prova pilot del Mercat de Pag\u00e8s de dissabte a la pla\u00e7a Major de Gav\u00e0, on es van poder adquirir hortalisses de proximitat del Parc Agrari del Baix Llobregat. Aix\u00ed, a m\u00e9s del ja consolidat Mercat de Pag\u00e8s dels dimarts al mat\u00ed [&hellip;]<\/p>\n","protected":false},"author":1,"featured_media":133,"comment_status":"closed","ping_status":"closed","sticky":false,"template":"","format":"standard","meta":{"_et_pb_use_builder":"on","_et_pb_old_content":"","_et_gb_content_width":"1080","footnotes":""},"categories":[1],"tags":[],"class_list":["post-232","post","type-post","status-publish","format-standard","has-post-thumbnail","hentry","category-sin-categoria"],"_links":{"self":[{"href":"https:\/\/www.mercatdepagesgava.cat\/index.php?rest_route=\/wp\/v2\/posts\/232","targetHints":{"allow":["GET"]}}],"collection":[{"href":"https:\/\/www.mercatdepagesgava.cat\/index.php?rest_route=\/wp\/v2\/posts"}],"about":[{"href":"https:\/\/www.mercatdepagesgava.cat\/index.php?rest_route=\/wp\/v2\/types\/post"}],"author":[{"embeddable":true,"href":"https:\/\/www.mercatdepagesgava.cat\/index.php?rest_route=\/wp\/v2\/users\/1"}],"replies":[{"embeddable":true,"href":"https:\/\/www.mercatdepagesgava.cat\/index.php?rest_route=%2Fwp%2Fv2%2Fcomments&post=232"}],"version-history":[{"count":8,"href":"https:\/\/www.mercatdepagesgava.cat\/index.php?rest_route=\/wp\/v2\/posts\/232\/revisions"}],"predecessor-version":[{"id":522,"href":"https:\/\/www.mercatdepagesgava.cat\/index.php?rest_route=\/wp\/v2\/posts\/232\/revisions\/522"}],"wp:featuredmedia":[{"embeddable":true,"href":"https:\/\/www.mercatdepagesgava.cat\/index.php?rest_route=\/wp\/v2\/media\/133"}],"wp:attachment":[{"href":"https:\/\/www.mercatdepagesgava.cat\/index.php?rest_route=%2Fwp%2Fv2%2Fmedia&parent=232"}],"wp:term":[{"taxonomy":"category","embeddable":true,"href":"https:\/\/www.mercatdepagesgava.cat\/index.php?rest_route=%2Fwp%2Fv2%2Fcategories&post=232"},{"taxonomy":"post_tag","embeddable":true,"href":"https:\/\/www.mercatdepagesgava.cat\/index.php?rest_route=%2Fwp%2Fv2%2Ftags&post=232"}],"curies":[{"name":"wp","href":"https:\/\/api.w.org\/{rel}","templated":true}]}}