{"id":137,"date":"2021-08-30T08:56:11","date_gmt":"2021-08-30T06:56:11","guid":{"rendered":"https:\/\/www.mercatdepagesgava.cat\/?p=137"},"modified":"2021-09-15T12:27:33","modified_gmt":"2021-09-15T10:27:33","slug":"bona-acollida","status":"publish","type":"post","link":"https:\/\/www.mercatdepagesgava.cat\/?p=137","title":{"rendered":"Bona acollida del Mercat de Pag\u00e8s a la platja"},"content":{"rendered":"<p>[et_pb_section fb_built=&#8221;1&#8243; fullwidth=&#8221;on&#8221; disabled_on=&#8221;off|off|off&#8221; admin_label=&#8221;Hero&#8221; _builder_version=&#8221;3.22&#8243; background_color=&#8221;#1f1f1f&#8221; parallax=&#8221;on&#8221; custom_padding=&#8221;|||&#8221; transparent_background=&#8221;on&#8221; global_colors_info=&#8221;{}&#8221;][et_pb_fullwidth_header title=&#8221;Bona acollida del Mercat de Pag\u00e8s a la platja&#8221; text_orientation=&#8221;center&#8221; background_overlay_color=&#8221;rgba(31,31,31,0.85)&#8221; subhead_font_color=&#8221;#bebebe&#8221; _builder_version=&#8221;4.10.5&#8243; title_font=&#8221;Playfair Display||||&#8221; title_text_align=&#8221;center&#8221; title_text_color=&#8221;#ffffff&#8221; title_font_size=&#8221;54px&#8221; title_line_height=&#8221;1.3em&#8221; content_font=&#8221;Montserrat||||&#8221; content_text_color=&#8221;#bfbfbf&#8221; content_font_size=&#8221;19px&#8221; content_line_height=&#8221;1.8em&#8221; subhead_font=&#8221;Montserrat||||&#8221; subhead_text_color=&#8221;#bebebe&#8221; subhead_line_height=&#8221;1.8em&#8221; background_color=&#8221;rgba(255, 255, 255, 0)&#8221; background_image=&#8221;https:\/\/www.mercatdepagesgava.cat\/wp-content\/uploads\/2021\/08\/Foto-noticia-1-_-1-1.jpeg&#8221; custom_padding=&#8221;5%||5%|&#8221; animation_style=&#8221;zoom&#8221; animation_duration=&#8221;1500ms&#8221; animation_intensity_zoom=&#8221;4%&#8221; title_line_height_last_edited=&#8221;off|desktop&#8221; title_text_shadow_style=&#8221;preset1&#8243; global_colors_info=&#8221;{}&#8221; button_one_text_size__hover_enabled=&#8221;off&#8221; button_two_text_size__hover_enabled=&#8221;off&#8221; button_one_text_color__hover_enabled=&#8221;off&#8221; button_two_text_color__hover_enabled=&#8221;off&#8221; button_one_border_width__hover_enabled=&#8221;off&#8221; button_two_border_width__hover_enabled=&#8221;off&#8221; button_one_border_color__hover_enabled=&#8221;off&#8221; button_two_border_color__hover_enabled=&#8221;off&#8221; button_one_border_radius__hover_enabled=&#8221;off&#8221; button_two_border_radius__hover_enabled=&#8221;off&#8221; button_one_letter_spacing__hover_enabled=&#8221;off&#8221; button_two_letter_spacing__hover_enabled=&#8221;off&#8221; button_one_bg_color__hover_enabled=&#8221;off&#8221; button_two_bg_color__hover_enabled=&#8221;off&#8221;][\/et_pb_fullwidth_header][\/et_pb_section][et_pb_section fb_built=&#8221;1&#8243; admin_label=&#8221;Our Story&#8221; _builder_version=&#8221;3.22&#8243; background_color=&#8221;#ffffff&#8221; background_position=&#8221;top_left&#8221; custom_padding=&#8221;100px|0px|100px|0px&#8221; collapsed=&#8221;off&#8221; global_colors_info=&#8221;{}&#8221;][et_pb_row _builder_version=&#8221;4.10.5&#8243; background_size=&#8221;initial&#8221; background_position=&#8221;top_left&#8221; background_repeat=&#8221;repeat&#8221; custom_margin=&#8221;|||&#8221; custom_padding=&#8221;|||&#8221; locked=&#8221;off&#8221; global_colors_info=&#8221;{}&#8221;][et_pb_column type=&#8221;4_4&#8243; _builder_version=&#8221;3.25&#8243; background_position=&#8221;top_left&#8221; custom_padding=&#8221;|||&#8221; global_colors_info=&#8221;{}&#8221; custom_padding__hover=&#8221;|||&#8221;][et_pb_divider show_divider=&#8221;off&#8221; _builder_version=&#8221;3.2&#8243; max_width=&#8221;60px&#8221; module_alignment=&#8221;left&#8221; custom_margin=&#8221;||10px|&#8221; saved_tabs=&#8221;all&#8221; locked=&#8221;off&#8221; global_colors_info=&#8221;{}&#8221;][\/et_pb_divider][et_pb_text _builder_version=&#8221;4.10.5&#8243; text_font=&#8221;Montserrat||||||||&#8221; text_text_color=&#8221;#000000&#8243; text_font_size=&#8221;17px&#8221; text_line_height=&#8221;1.8em&#8221; header_font=&#8221;||||&#8221; background_size=&#8221;initial&#8221; background_position=&#8221;top_left&#8221; background_repeat=&#8221;repeat&#8221; text_orientation=&#8221;justified&#8221; max_width=&#8221;910px&#8221; module_alignment=&#8221;center&#8221; custom_margin=&#8221;-50px||||false|false&#8221; custom_padding=&#8221;0px|||||&#8221; animation_style=&#8221;slide&#8221; animation_direction=&#8221;top&#8221; animation_intensity_slide=&#8221;4%&#8221; global_colors_info=&#8221;{}&#8221;]<\/p>\n<h3 style=\"text-align: justify;\"><\/h3>\n<p><text class=\"_3ziulaHePS\" direction=\"ltr\" height=\"11.1360473632812\" lengthadjust=\"spacingAndGlyphs\" textlength=\"15.2280044555664\" x=\"86.1359939575195\" y=\"-660.940002441406\" data-test=\"textbox\">Els<\/text><text class=\"_3ziulaHePS\" direction=\"ltr\" height=\"11.135986328125\" lengthadjust=\"spacingAndGlyphs\" textlength=\"59.8800048828125\" x=\"106.07600402832\" y=\"-660.940063476562\" data-test=\"textbox\">passat dies <\/text><text class=\"_3ziulaHePS\" direction=\"ltr\" height=\"10.9559936523438\" lengthadjust=\"spacingAndGlyphs\" textlength=\"15.5639953613281\" x=\"171.272003173828\" y=\"-660.940002441406\" data-test=\"textbox\">15 <\/text><text class=\"_3ziulaHePS\" direction=\"ltr\" height=\"11.1360473632812\" lengthadjust=\"spacingAndGlyphs\" textlength=\"18.2160034179688\" x=\"187.934005737305\" y=\"-660.940002441406\" data-test=\"textbox\">i 22 <\/text><text class=\"_3ziulaHePS\" direction=\"ltr\" height=\"11.1360473632812\" lengthadjust=\"spacingAndGlyphs\" textlength=\"43.9199981689453\" x=\"210.709991455078\" y=\"-660.940002441406\" data-test=\"textbox\">de juliol <\/text><text class=\"_3ziulaHePS\" direction=\"ltr\" height=\"10.5480346679688\" lengthadjust=\"spacingAndGlyphs\" textlength=\"79.3679962158203\" x=\"255.40998840332\" y=\"-660.940002441406\" data-test=\"textbox\">es va estrenar <\/text><text class=\"_3ziulaHePS\" direction=\"ltr\" height=\"11.1360473632812\" lengthadjust=\"spacingAndGlyphs\" textlength=\"8.19601440429688\" x=\"335.914001464844\" y=\"-660.940002441406\" data-test=\"textbox\">la <\/text><text class=\"_3ziulaHePS\" direction=\"ltr\" height=\"11.135986328125\" lengthadjust=\"spacingAndGlyphs\" textlength=\"164.363983154297\" x=\"348.850006103516\" y=\"-660.940063476562\" data-test=\"textbox\">nova proposta que combina la <\/text><text class=\"_3ziulaHePS\" direction=\"ltr\" height=\"11.3280029296875\" lengthadjust=\"spacingAndGlyphs\" textlength=\"344.459976196289\" x=\"85.1999969482422\" y=\"-647.139953613281\" data-test=\"textbox\">venda de productes del Parc Agrari amb la m\u00fasica en directe<\/text><text class=\"_3ziulaHePS\" direction=\"ltr\" height=\"3.7919921875\" lengthadjust=\"spacingAndGlyphs\" textlength=\"5.65200805664062\" x=\"431.704010009766\" y=\"-647.139953613281\" data-test=\"textbox\">.<\/text><\/p>\n<p><text class=\"_3ziulaHePS\" direction=\"ltr\" height=\"3.7919921875\" lengthadjust=\"spacingAndGlyphs\" textlength=\"5.65200805664062\" x=\"431.704010009766\" y=\"-647.139953613281\" data-test=\"textbox\"> <\/text><text class=\"_3ziulaHePS\" direction=\"ltr\" height=\"11.3280029296875\" lengthadjust=\"spacingAndGlyphs\" textlength=\"73.1880187988281\" x=\"440.175994873047\" y=\"-647.139953613281\" data-test=\"textbox\">L\u2019estrena del <\/text><text class=\"_3ziulaHePS\" direction=\"ltr\" height=\"11.1360473632812\" lengthadjust=\"spacingAndGlyphs\" textlength=\"55.6920013427734\" x=\"85.9799957275391\" y=\"-633.339965820312\" data-test=\"textbox\">Mercat de <\/text><text class=\"_3ziulaHePS\" direction=\"ltr\" height=\"11.364013671875\" lengthadjust=\"spacingAndGlyphs\" textlength=\"370.643905639648\" x=\"142.412002563477\" y=\"-633.339965820312\" data-test=\"textbox\">Pag\u00e8s a la platja de Gav\u00e0 va arrencar amb una molt bona acollida. La <\/text><text class=\"_3ziulaHePS\" direction=\"ltr\" height=\"11.1360473632812\" lengthadjust=\"spacingAndGlyphs\" textlength=\"44.7839889526367\" x=\"85.9079971313477\" y=\"-619.539978027344\" data-test=\"textbox\">iniciativa <\/text><text class=\"_3ziulaHePS\" direction=\"ltr\" height=\"11.1360473632812\" lengthadjust=\"spacingAndGlyphs\" textlength=\"63.3119964599609\" x=\"134.755996704102\" y=\"-619.539978027344\" data-test=\"textbox\">va consistir <\/text><text class=\"_3ziulaHePS\" direction=\"ltr\" height=\"11.3279418945312\" lengthadjust=\"spacingAndGlyphs\" textlength=\"314.303909301758\" x=\"198.733993530273\" y=\"-619.5400390625\" data-test=\"textbox\">en la instal\u00b7laci\u00f3 de les parades de venda d\u2019hortalisses del <\/text><text class=\"_3ziulaHePS\" direction=\"ltr\" height=\"11.1360473632812\" lengthadjust=\"spacingAndGlyphs\" textlength=\"224.21996307373\" x=\"86.1359939575195\" y=\"-605.739990234375\" data-test=\"textbox\">Parc Agrari del Baix Llobregat al costa<\/text><text class=\"_3ziulaHePS\" direction=\"ltr\" height=\"10.5480346679688\" lengthadjust=\"spacingAndGlyphs\" textlength=\"2.916015625\" x=\"311.157989501953\" y=\"-605.739990234375\" data-test=\"textbox\">t <\/text><text class=\"_3ziulaHePS\" direction=\"ltr\" height=\"11.1360473632812\" lengthadjust=\"spacingAndGlyphs\" textlength=\"191.591949462891\" x=\"321.610015869141\" y=\"-605.739990234375\" data-test=\"textbox\">del monument de la vela amb <\/text><text class=\"_3ziulaHePS\" direction=\"ltr\" height=\"11.3280029296875\" lengthadjust=\"spacingAndGlyphs\" textlength=\"115.932006835938\" x=\"85.5119934082031\" y=\"-591.910034179688\" data-test=\"textbox\">d\u2019actuacions musicals.<\/text><\/p>\n<p><text class=\"_3ziulaHePS\" direction=\"ltr\" height=\"11.3280029296875\" lengthadjust=\"spacingAndGlyphs\" textlength=\"115.932006835938\" x=\"85.5119934082031\" y=\"-591.910034179688\" data-test=\"textbox\"> <\/text><text class=\"_3ziulaHePS\" direction=\"ltr\" height=\"11.3880004882812\" lengthadjust=\"spacingAndGlyphs\" textlength=\"426.995956420898\" x=\"85.9799957275391\" y=\"-564.309997558594\" data-test=\"textbox\">La iniciativa s\u2019ha fet en paral\u00b7lel a la posada en marxa del Mercat de Pag\u00e8s durant <\/text><text class=\"_3ziulaHePS\" direction=\"ltr\" height=\"11.3880004882812\" lengthadjust=\"spacingAndGlyphs\" textlength=\"427.727973937988\" x=\"85.3199996948242\" y=\"-550.510009765625\" data-test=\"textbox\">tres dissabte de juliol a la pla\u00e7a Major i al carrer de Salvador Lluch amb l\u2018objectiu <\/text><text class=\"_3ziulaHePS\" direction=\"ltr\" height=\"11.387939453125\" lengthadjust=\"spacingAndGlyphs\" textlength=\"427.535919189453\" x=\"85.5119934082031\" y=\"-536.710083007812\" data-test=\"textbox\">de \u201cdonar resposta a una hist\u00f2rica reivindicaci\u00f3 del Mercat del Centre i del mateix <\/text><text class=\"_3ziulaHePS\" direction=\"ltr\" height=\"8.97601318359375\" lengthadjust=\"spacingAndGlyphs\" textlength=\"11.8079986572266\" x=\"85.4879989624023\" y=\"-522.910034179688\" data-test=\"textbox\">se<\/text><text class=\"_3ziulaHePS\" direction=\"ltr\" height=\"11.3280029296875\" lengthadjust=\"spacingAndGlyphs\" textlength=\"375.15599822998\" x=\"98.2919998168945\" y=\"-522.910034179688\" data-test=\"textbox\">ctor agrari, i valorar t\u00e8cnicament l\u2019encaix en l\u2019entorn i provar<\/text><text class=\"_3ziulaHePS\" direction=\"ltr\" height=\"6.384033203125\" lengthadjust=\"spacingAndGlyphs\" textlength=\"2.93997192382812\" x=\"474.148010253906\" y=\"-522.910034179688\" data-test=\"textbox\">&#8211;<\/text><text class=\"_3ziulaHePS\" direction=\"ltr\" height=\"11.1360473632812\" lengthadjust=\"spacingAndGlyphs\" textlength=\"35.0399780273438\" x=\"478.359985351562\" y=\"-522.910034179688\" data-test=\"textbox\">ne la <\/text><text class=\"_3ziulaHePS\" direction=\"ltr\" height=\"11.3279724121094\" lengthadjust=\"spacingAndGlyphs\" textlength=\"427.331954956055\" x=\"85.5839996337891\" y=\"-509.110015869141\" data-test=\"textbox\">complementarietat comercial de cara a la seva implementaci\u00f3 definitiva en la <\/text><text class=\"_3ziulaHePS\" direction=\"ltr\" height=\"11.3280029296875\" lengthadjust=\"spacingAndGlyphs\" textlength=\"167.387985229492\" x=\"85.4759979248047\" y=\"-495.309997558594\" data-test=\"textbox\">segona quinzena de setembre\u201d.<\/text><\/p>\n<p>[\/et_pb_text][\/et_pb_column][\/et_pb_row][et_pb_row _builder_version=&#8221;4.10.5&#8243; _module_preset=&#8221;default&#8221; global_colors_info=&#8221;{}&#8221;][et_pb_column type=&#8221;4_4&#8243; _builder_version=&#8221;4.10.5&#8243; _module_preset=&#8221;default&#8221; global_colors_info=&#8221;{}&#8221;][et_pb_image src=&#8221;https:\/\/www.mercatdepagesgava.cat\/wp-content\/uploads\/2021\/08\/Foto-noticia-1-_-2-1.jpeg&#8221; title_text=&#8221;Foto not\u00edcia 1 _ 2&#8243; _builder_version=&#8221;4.10.5&#8243; _module_preset=&#8221;default&#8221; global_colors_info=&#8221;{}&#8221;][\/et_pb_image][\/et_pb_column][\/et_pb_row][et_pb_row _builder_version=&#8221;4.10.5&#8243; background_size=&#8221;initial&#8221; background_position=&#8221;top_left&#8221; background_repeat=&#8221;repeat&#8221; custom_margin=&#8221;|||&#8221; custom_padding=&#8221;|||&#8221; locked=&#8221;off&#8221; global_colors_info=&#8221;{}&#8221;][et_pb_column type=&#8221;4_4&#8243; _builder_version=&#8221;3.25&#8243; background_position=&#8221;top_left&#8221; custom_padding=&#8221;|||&#8221; global_colors_info=&#8221;{}&#8221; custom_padding__hover=&#8221;|||&#8221;][et_pb_divider show_divider=&#8221;off&#8221; _builder_version=&#8221;3.2&#8243; max_width=&#8221;60px&#8221; module_alignment=&#8221;left&#8221; custom_margin=&#8221;||10px|&#8221; saved_tabs=&#8221;all&#8221; locked=&#8221;off&#8221; global_colors_info=&#8221;{}&#8221;][\/et_pb_divider][et_pb_text _builder_version=&#8221;4.9.11&#8243; text_font=&#8221;Montserrat||||&#8221; text_text_color=&#8221;#939393&#8243; text_font_size=&#8221;17px&#8221; text_line_height=&#8221;1.8em&#8221; header_font=&#8221;||||&#8221; background_size=&#8221;initial&#8221; background_position=&#8221;top_left&#8221; background_repeat=&#8221;repeat&#8221; max_width=&#8221;910px&#8221; module_alignment=&#8221;center&#8221; custom_margin=&#8221;||||false|false&#8221; animation_style=&#8221;slide&#8221; animation_direction=&#8221;top&#8221; animation_intensity_slide=&#8221;4%&#8221; global_colors_info=&#8221;{}&#8221;]<\/p>\n<h3 style=\"text-align: justify;\"><span style=\"font-size: 17px; text-align: left;\">\u00a0<\/span><\/h3>\n<p style=\"text-align: justify;\"><span style=\"color: #333333;\"><span style=\"font-size: 17px; text-align: left;\">Els Mercats Municipals de Gav\u00e0 s\u00f3n propers i humans, s\u00f3n saludables, integradors i responsables, i amb el producte fresc i de proximitat fomenten una alimentaci\u00f3 saludable i equilibrada.<\/span><\/span><\/p>\n<p style=\"text-align: justify;\"><span style=\"color: #333333;\">A Gav\u00e0 trobareu dos mercats municipals: el Mercat Municipal de la pla\u00e7a de Catalunya, conegut com a MercaGav\u00e0; i al Mercat de Centre, davant del que s\u2019organitza els dissabtes el Mercat de Pag\u00e8s \u2013que tamb\u00e9 se celebra a la Torre Lluch els dimarts\u2013, on podreu completar la vostra compra amb productes del Parc Agrari del Baix Llobregat.<\/span><span style=\"font-size: 17px; text-align: left;\"><\/span><span style=\"color: #333333;\"><\/span><\/p>\n<p style=\"text-align: justify;\"><span style=\"color: #333333;\">Els mercats municipals, una peculiar forma de comer\u00e7 tan arrelada en la nostra cultura mediterr\u00e0nia, contribueixen a millorar els nostres h\u00e0bits alimentaris i de consum. Amb el comer\u00e7 de proximitat contribueixes a la reinversi\u00f3 en la teva pr\u00f2pia ciutat, aconseguint que floreixi, que s&#8217;ampli\u00efn els serveis i millorant la qualitat de vida de tots nosaltres i en conseq\u00fc\u00e8ncia la teva. Una ciutat amb consum de proximitat \u00e9s una ciutat viva i que creix de manera sana.<\/span><\/p>\n<p style=\"text-align: justify;\"><span style=\"color: #333333;\">El comer\u00e7 de proximitat \u00e9s sostenible gr\u00e0cies al fet que els aliments s\u00f3n produ\u00efts a prop d&#8217;on compres, sense importacions\u00a0 contaminants de milers de quil\u00f2metres. Aporta el teu granet de sorra!<\/span><\/p>\n<p>[\/et_pb_text][\/et_pb_column][\/et_pb_row][\/et_pb_section]<\/p>\n","protected":false},"excerpt":{"rendered":"<p>Elspassat dies 15 i 22 de juliol es va estrenar la nova proposta que combina la venda de productes del Parc Agrari amb la m\u00fasica en directe. L\u2019estrena del Mercat de Pag\u00e8s a la platja de Gav\u00e0 va arrencar amb una molt bona acollida. La iniciativa va consistir en la instal\u00b7laci\u00f3 de les parades de [&hellip;]<\/p>\n","protected":false},"author":1,"featured_media":132,"comment_status":"closed","ping_status":"closed","sticky":false,"template":"","format":"standard","meta":{"_et_pb_use_builder":"on","_et_pb_old_content":"","_et_gb_content_width":"1080","footnotes":""},"categories":[1],"tags":[],"class_list":["post-137","post","type-post","status-publish","format-standard","has-post-thumbnail","hentry","category-sin-categoria"],"_links":{"self":[{"href":"https:\/\/www.mercatdepagesgava.cat\/index.php?rest_route=\/wp\/v2\/posts\/137","targetHints":{"allow":["GET"]}}],"collection":[{"href":"https:\/\/www.mercatdepagesgava.cat\/index.php?rest_route=\/wp\/v2\/posts"}],"about":[{"href":"https:\/\/www.mercatdepagesgava.cat\/index.php?rest_route=\/wp\/v2\/types\/post"}],"author":[{"embeddable":true,"href":"https:\/\/www.mercatdepagesgava.cat\/index.php?rest_route=\/wp\/v2\/users\/1"}],"replies":[{"embeddable":true,"href":"https:\/\/www.mercatdepagesgava.cat\/index.php?rest_route=%2Fwp%2Fv2%2Fcomments&post=137"}],"version-history":[{"count":12,"href":"https:\/\/www.mercatdepagesgava.cat\/index.php?rest_route=\/wp\/v2\/posts\/137\/revisions"}],"predecessor-version":[{"id":524,"href":"https:\/\/www.mercatdepagesgava.cat\/index.php?rest_route=\/wp\/v2\/posts\/137\/revisions\/524"}],"wp:featuredmedia":[{"embeddable":true,"href":"https:\/\/www.mercatdepagesgava.cat\/index.php?rest_route=\/wp\/v2\/media\/132"}],"wp:attachment":[{"href":"https:\/\/www.mercatdepagesgava.cat\/index.php?rest_route=%2Fwp%2Fv2%2Fmedia&parent=137"}],"wp:term":[{"taxonomy":"category","embeddable":true,"href":"https:\/\/www.mercatdepagesgava.cat\/index.php?rest_route=%2Fwp%2Fv2%2Fcategories&post=137"},{"taxonomy":"post_tag","embeddable":true,"href":"https:\/\/www.mercatdepagesgava.cat\/index.php?rest_route=%2Fwp%2Fv2%2Ftags&post=137"}],"curies":[{"name":"wp","href":"https:\/\/api.w.org\/{rel}","templated":true}]}}